                       {"id":22746,"date":"2021-10-10T02:53:46","date_gmt":"2021-10-10T08:53:46","guid":{"rendered":"https:\/\/laultimapalabra.com.mx\/portal\/?p=22746"},"modified":"2024-12-11T10:15:45","modified_gmt":"2024-12-11T16:15:45","slug":"ataque-a-balazos-deja-2-lesionados-y-1-detenido-en-cadereyta","status":"publish","type":"post","link":"https:\/\/laultimapalabra.com.mx\/portal\/ataque-a-balazos-deja-2-lesionados-y-1-detenido-en-cadereyta\/","title":{"rendered":"Ataque a balazos deja 2 lesionados y 1 detenido en Cadereyta\u00a0"},"content":{"rendered":"<p><span style=\"font-size: 1rem;\"><img loading=\"lazy\" decoding=\"async\" class=\"size-medium wp-image-22748 alignleft\" src=\"https:\/\/laultimapalabra.com.mx\/portal\/wp-content\/uploads\/2021\/10\/IMG-20211010-WA0010-300x170.jpg\" alt=\"\" width=\"300\" height=\"170\" srcset=\"https:\/\/laultimapalabra.com.mx\/portal\/wp-content\/uploads\/2021\/10\/IMG-20211010-WA0010-300x170.jpg 300w, https:\/\/laultimapalabra.com.mx\/portal\/wp-content\/uploads\/2021\/10\/IMG-20211010-WA0010.jpg 715w\" sizes=\"auto, (max-width: 300px) 100vw, 300px\" \/>Cadereyta Jim\u00e9nez, N.L.- en los primero minutos de este domingo, mientras una familia se encontraba de fiesta un hombre armado quien tripulaba un veh\u00edculo tipo mustang azul dispar\u00f3 y dio blanco a dos hombres en la colonia Valle de los Encinos.<\/span><\/p>\n<p>Al tratar de huir, algunos de los asistentes le lanzan una piedra grande y unos le\u00f1os\u00a0 quebrandole el vidrio trasero, lo cual provoc\u00f3 que el hombre se estrellara contra un \u00e1rbol, situaci\u00f3n que aprovecharon los Polic\u00edas Municipales quienes\u00a0 llegan y lo someten para trasladarlo a las celdas de la corporaci\u00f3n.<\/p>\n<p>Los hechos se dieron en la colonia ya mencionada en la calle Roble en su cruce con Laurel, acudiendo Servicios de Emergencia Cadereyta, quienes trasladaron a los dos lesionados quienes no fueron identificados.<\/p>\n<p>Fuente: La \u00daltima Palabra<\/p>\n","protected":false},"excerpt":{"rendered":"<p>Cadereyta Jim\u00e9nez, N.L.- en los primero minutos de este domingo, mientras una familia se encontraba de fiesta un hombre armado quien tripulaba un veh\u00edculo tipo mustang azul dispar\u00f3 y dio blanco a dos hombres en la colonia Valle de los Encinos. Al tratar de huir, algunos de los asistentes le lanzan una piedra grande y [&hellip;]<\/p>\n","protected":false},"author":9,"featured_media":22747,"comment_status":"closed","ping_status":"closed","sticky":false,"template":"","format":"standard","meta":{"footnotes":""},"categories":[17,8,9],"tags":[213,3076],"class_list":["post-22746","post","type-post","status-publish","format-standard","has-post-thumbnail","hentry","category-locales-cadereyta","category-seguridad","category-seguridad-cadereyta","tag-atentados-cadereyta","tag-fuente-la-ultima-palabra"],"_links":{"self":[{"href":"https:\/\/laultimapalabra.com.mx\/portal\/wp-json\/wp\/v2\/posts\/22746","targetHints":{"allow":["GET"]}}],"collection":[{"href":"https:\/\/laultimapalabra.com.mx\/portal\/wp-json\/wp\/v2\/posts"}],"about":[{"href":"https:\/\/laultimapalabra.com.mx\/portal\/wp-json\/wp\/v2\/types\/post"}],"author":[{"embeddable":true,"href":"https:\/\/laultimapalabra.com.mx\/portal\/wp-json\/wp\/v2\/users\/9"}],"replies":[{"embeddable":true,"href":"https:\/\/laultimapalabra.com.mx\/portal\/wp-json\/wp\/v2\/comments?post=22746"}],"version-history":[{"count":2,"href":"https:\/\/laultimapalabra.com.mx\/portal\/wp-json\/wp\/v2\/posts\/22746\/revisions"}],"predecessor-version":[{"id":74304,"href":"https:\/\/laultimapalabra.com.mx\/portal\/wp-json\/wp\/v2\/posts\/22746\/revisions\/74304"}],"wp:featuredmedia":[{"embeddable":true,"href":"https:\/\/laultimapalabra.com.mx\/portal\/wp-json\/wp\/v2\/media\/22747"}],"wp:attachment":[{"href":"https:\/\/laultimapalabra.com.mx\/portal\/wp-json\/wp\/v2\/media?parent=22746"}],"wp:term":[{"taxonomy":"category","embeddable":true,"href":"https:\/\/laultimapalabra.com.mx\/portal\/wp-json\/wp\/v2\/categories?post=22746"},{"taxonomy":"post_tag","embeddable":true,"href":"https:\/\/laultimapalabra.com.mx\/portal\/wp-json\/wp\/v2\/tags?post=22746"}],"curies":[{"name":"wp","href":"https:\/\/api.w.org\/{rel}","templated":true}]}}