                       {"id":2278,"date":"2018-06-22T02:38:44","date_gmt":"2018-06-22T02:38:44","guid":{"rendered":"http:\/\/laultimapalabra.info\/?p=2278"},"modified":"2024-12-11T08:37:18","modified_gmt":"2024-12-11T14:37:18","slug":"gana-tenchis-demanda-a-preciado","status":"publish","type":"post","link":"https:\/\/laultimapalabra.com.mx\/portal\/gana-tenchis-demanda-a-preciado\/","title":{"rendered":"Gana Tenchis demanda a Preciado"},"content":{"rendered":"<p style=\"text-align: left;\"><img loading=\"lazy\" decoding=\"async\" class=\"size-medium wp-image-2279 alignleft\" src=\"https:\/\/laultimapalabra.com.mx\/portal\/wp-content\/uploads\/2018\/06\/PORTADA-OK-225x300.jpg\" alt=\"\" width=\"225\" height=\"300\"><\/p>\n<p>*Dice resolutivo al edil que no debe tener la piel tan delgadita para sus funciones<\/p>\n<p style=\"text-align: left;\">MONTERREY, N.L.-<br \/>\nEl Tribunal Electoral del Estado de Nuevo Le\u00f3n, declar\u00f3 inexistente la infracci\u00f3n imputada a Tenchis Garc\u00eda en sesi\u00f3n efectuada ayer jueves, por lo que se desech\u00f3 la demanda en su contra promovida por el alcalde Santiago Preciado.<br \/>\n\u201cRespecto al expediente 245\/2018 y acumulado 246\/2018, se propone a declarar la infracci\u00f3n imputada a Garc\u00eda Elizondo, pues por una parte no se acredit\u00f3 en el sumario la entrega o distribuci\u00f3n del tr\u00edptico denunciado y por otra parte, la propaganda acreditada no infiere ofensa que denigre como tampoco calumnie ni difama a Preciado Robles\u201d, ley\u00f3 la secretario en la sesi\u00f3n plenaria del \u00f3rgano colegiado de justicia electoral.<br \/>\nEl alcalde Santiago Preciado demand\u00f3 a Tenchis Garc\u00eda, por el tr\u00edptico donde se le\u00eda la frase: \u201cVoy contra Preciado y su pandilla\u201d, por lo cual el edil interpuso una denuncia ante la Comisi\u00f3n Estatal Electoral y que fue turnado al Tribunal Electoral del Estado de Nuevo Le\u00f3n.<br \/>\nLos magistrados en materia electoral consideraron infundada la denuncia y agregaron en frases m\u00e1s protocolarias, que el alcalde no debe tener \u201cla piel tan delgadita\u201d.<br \/>\n\u201cAdem\u00e1s ha sido criterio de los tribunales especializados que las personas con actividades p\u00fablicas deben tener un mayor margen a las cr\u00edticas vinculadas a esas funciones\u201d, concluy\u00f3 la secretario.<\/p>\n","protected":false},"excerpt":{"rendered":"<p>*Dice resolutivo al edil que no debe tener la piel tan delgadita para sus funciones MONTERREY, N.L.- El Tribunal Electoral del Estado de Nuevo Le\u00f3n, declar\u00f3 inexistente la infracci\u00f3n imputada a Tenchis Garc\u00eda en sesi\u00f3n efectuada ayer jueves, por lo que se desech\u00f3 la demanda en su contra promovida por el alcalde Santiago Preciado. \u201cRespecto [&hellip;]<\/p>\n","protected":false},"author":9,"featured_media":2279,"comment_status":"open","ping_status":"closed","sticky":false,"template":"","format":"standard","meta":{"footnotes":""},"categories":[18],"tags":[1692,2195],"class_list":["post-2278","post","type-post","status-publish","format-standard","has-post-thumbnail","hentry","category-locales-juarez","tag-pan-cadereyta","tag-tenchis-garcia"],"_links":{"self":[{"href":"https:\/\/laultimapalabra.com.mx\/portal\/wp-json\/wp\/v2\/posts\/2278","targetHints":{"allow":["GET"]}}],"collection":[{"href":"https:\/\/laultimapalabra.com.mx\/portal\/wp-json\/wp\/v2\/posts"}],"about":[{"href":"https:\/\/laultimapalabra.com.mx\/portal\/wp-json\/wp\/v2\/types\/post"}],"author":[{"embeddable":true,"href":"https:\/\/laultimapalabra.com.mx\/portal\/wp-json\/wp\/v2\/users\/9"}],"replies":[{"embeddable":true,"href":"https:\/\/laultimapalabra.com.mx\/portal\/wp-json\/wp\/v2\/comments?post=2278"}],"version-history":[{"count":1,"href":"https:\/\/laultimapalabra.com.mx\/portal\/wp-json\/wp\/v2\/posts\/2278\/revisions"}],"predecessor-version":[{"id":64237,"href":"https:\/\/laultimapalabra.com.mx\/portal\/wp-json\/wp\/v2\/posts\/2278\/revisions\/64237"}],"wp:featuredmedia":[{"embeddable":true,"href":"https:\/\/laultimapalabra.com.mx\/portal\/wp-json\/"}],"wp:attachment":[{"href":"https:\/\/laultimapalabra.com.mx\/portal\/wp-json\/wp\/v2\/media?parent=2278"}],"wp:term":[{"taxonomy":"category","embeddable":true,"href":"https:\/\/laultimapalabra.com.mx\/portal\/wp-json\/wp\/v2\/categories?post=2278"},{"taxonomy":"post_tag","embeddable":true,"href":"https:\/\/laultimapalabra.com.mx\/portal\/wp-json\/wp\/v2\/tags?post=2278"}],"curies":[{"name":"wp","href":"https:\/\/api.w.org\/{rel}","templated":true}]}}