                       {"id":22795,"date":"2021-10-11T13:34:10","date_gmt":"2021-10-11T19:34:10","guid":{"rendered":"https:\/\/laultimapalabra.com.mx\/portal\/?p=22795"},"modified":"2024-12-11T10:15:45","modified_gmt":"2024-12-11T16:15:45","slug":"festejan-en-grande-a-paco-trevino","status":"publish","type":"post","link":"https:\/\/laultimapalabra.com.mx\/portal\/festejan-en-grande-a-paco-trevino\/","title":{"rendered":"Festejan en grande a Paco Trevi\u00f1o\u00a0"},"content":{"rendered":"<p><span style=\"font-size: 1rem;\"><img loading=\"lazy\" decoding=\"async\" class=\"size-medium wp-image-22779 alignleft\" src=\"https:\/\/laultimapalabra.com.mx\/portal\/wp-content\/uploads\/2021\/10\/IMG-20211011-WA0019-300x169.jpg\" alt=\"\" width=\"300\" height=\"169\" srcset=\"https:\/\/laultimapalabra.com.mx\/portal\/wp-content\/uploads\/2021\/10\/IMG-20211011-WA0019-300x169.jpg 300w, https:\/\/laultimapalabra.com.mx\/portal\/wp-content\/uploads\/2021\/10\/IMG-20211011-WA0019-1024x576.jpg 1024w, https:\/\/laultimapalabra.com.mx\/portal\/wp-content\/uploads\/2021\/10\/IMG-20211011-WA0019-768x432.jpg 768w, https:\/\/laultimapalabra.com.mx\/portal\/wp-content\/uploads\/2021\/10\/IMG-20211011-WA0019-1536x864.jpg 1536w, https:\/\/laultimapalabra.com.mx\/portal\/wp-content\/uploads\/2021\/10\/IMG-20211011-WA0019.jpg 1599w\" sizes=\"auto, (max-width: 300px) 100vw, 300px\" \/>Ju\u00e1rez, N.L.- Fue est\u00e1 ma\u00f1ana a partir de las 10:00 horas cuando <\/span><span style=\"font-size: 1rem;\">Seccionales, fuerzas vivas del PRI, CNOP y l\u00edderes de colonias se unieron para festejar el cumplea\u00f1os de Paco Trevi\u00f1o en el Auditorio Municipal, donde enmedio de un ambiente festivo todos los asistentes llevaron sus propias v\u00edandas para compartir con el festejado, quien estuvo\u00a0 acompa\u00f1ado de su esposa Adriana de la Garza, y en su mensaje agradeci\u00f3 el gesto de cari\u00f1o y respaldo de todos los juarenses ah\u00ed presentes.\u00a0<\/span><\/p>\n","protected":false},"excerpt":{"rendered":"<p>Ju\u00e1rez, N.L.- Fue est\u00e1 ma\u00f1ana a partir de las 10:00 horas cuando Seccionales, fuerzas vivas del PRI, CNOP y l\u00edderes de colonias se unieron para festejar el cumplea\u00f1os de Paco Trevi\u00f1o en el Auditorio Municipal, donde enmedio de un ambiente festivo todos los asistentes llevaron sus propias v\u00edandas para compartir con el festejado, quien estuvo\u00a0 [&hellip;]<\/p>\n","protected":false},"author":9,"featured_media":22780,"comment_status":"closed","ping_status":"closed","sticky":false,"template":"","format":"standard","meta":{"footnotes":""},"categories":[18],"tags":[592,3076,1684],"class_list":["post-22795","post","type-post","status-publish","format-standard","has-post-thumbnail","hentry","category-locales-juarez","tag-cnop-juarez","tag-fuente-la-ultima-palabra","tag-paco-trevino"],"_links":{"self":[{"href":"https:\/\/laultimapalabra.com.mx\/portal\/wp-json\/wp\/v2\/posts\/22795","targetHints":{"allow":["GET"]}}],"collection":[{"href":"https:\/\/laultimapalabra.com.mx\/portal\/wp-json\/wp\/v2\/posts"}],"about":[{"href":"https:\/\/laultimapalabra.com.mx\/portal\/wp-json\/wp\/v2\/types\/post"}],"author":[{"embeddable":true,"href":"https:\/\/laultimapalabra.com.mx\/portal\/wp-json\/wp\/v2\/users\/9"}],"replies":[{"embeddable":true,"href":"https:\/\/laultimapalabra.com.mx\/portal\/wp-json\/wp\/v2\/comments?post=22795"}],"version-history":[{"count":2,"href":"https:\/\/laultimapalabra.com.mx\/portal\/wp-json\/wp\/v2\/posts\/22795\/revisions"}],"predecessor-version":[{"id":74312,"href":"https:\/\/laultimapalabra.com.mx\/portal\/wp-json\/wp\/v2\/posts\/22795\/revisions\/74312"}],"wp:featuredmedia":[{"embeddable":true,"href":"https:\/\/laultimapalabra.com.mx\/portal\/wp-json\/wp\/v2\/media\/22780"}],"wp:attachment":[{"href":"https:\/\/laultimapalabra.com.mx\/portal\/wp-json\/wp\/v2\/media?parent=22795"}],"wp:term":[{"taxonomy":"category","embeddable":true,"href":"https:\/\/laultimapalabra.com.mx\/portal\/wp-json\/wp\/v2\/categories?post=22795"},{"taxonomy":"post_tag","embeddable":true,"href":"https:\/\/laultimapalabra.com.mx\/portal\/wp-json\/wp\/v2\/tags?post=22795"}],"curies":[{"name":"wp","href":"https:\/\/api.w.org\/{rel}","templated":true}]}}