                       {"id":22797,"date":"2021-10-11T13:51:20","date_gmt":"2021-10-11T19:51:20","guid":{"rendered":"https:\/\/laultimapalabra.com.mx\/portal\/?p=22797"},"modified":"2024-12-11T10:15:45","modified_gmt":"2024-12-11T16:15:45","slug":"se-estrella-contra-peatonal-y-huye","status":"publish","type":"post","link":"https:\/\/laultimapalabra.com.mx\/portal\/se-estrella-contra-peatonal-y-huye\/","title":{"rendered":"Se estrella contra peatonal y huye\u00a0"},"content":{"rendered":"<p><span style=\"font-size: 1rem;\"><img loading=\"lazy\" decoding=\"async\" class=\"size-medium wp-image-22775 alignleft\" src=\"https:\/\/laultimapalabra.com.mx\/portal\/wp-content\/uploads\/2021\/10\/IMG-20211011-WA0024-225x300.jpg\" alt=\"\" width=\"225\" height=\"300\" srcset=\"https:\/\/laultimapalabra.com.mx\/portal\/wp-content\/uploads\/2021\/10\/IMG-20211011-WA0024-225x300.jpg 225w, https:\/\/laultimapalabra.com.mx\/portal\/wp-content\/uploads\/2021\/10\/IMG-20211011-WA0024-768x1024.jpg 768w, https:\/\/laultimapalabra.com.mx\/portal\/wp-content\/uploads\/2021\/10\/IMG-20211011-WA0024.jpg 774w\" sizes=\"auto, (max-width: 225px) 100vw, 225px\" \/>Cadereyta Jim\u00e9nez, N.L.- La madrugada de hoy, alrededor de las 3:30 horas se report\u00f3 un accidente vial donde se estrell\u00f3 un veh\u00edculo con un muro de contenci\u00f3n de un puente peatonal sobre la calle Prolongaci\u00f3n Cuah\u00fatemoc cruz con Escobedo en el municipio de Cadereyta.<\/span><\/p>\n<p>El veh\u00edculo responsable fue un Linconl Continental en color dorado con placas de circulaci\u00f3n SMP-95-32 de Nuevo Le\u00f3n, desconociendose al conductor ya que \u00e9ste abandon\u00f3 el veh\u00edculo en el lugar de los hechos.<\/p>\n<p>Fuente: La \u00daltima Palabra<\/p>\n","protected":false},"excerpt":{"rendered":"<p>Cadereyta Jim\u00e9nez, N.L.- La madrugada de hoy, alrededor de las 3:30 horas se report\u00f3 un accidente vial donde se estrell\u00f3 un veh\u00edculo con un muro de contenci\u00f3n de un puente peatonal sobre la calle Prolongaci\u00f3n Cuah\u00fatemoc cruz con Escobedo en el municipio de Cadereyta. El veh\u00edculo responsable fue un Linconl Continental en color dorado con [&hellip;]<\/p>\n","protected":false},"author":9,"featured_media":22774,"comment_status":"closed","ping_status":"closed","sticky":false,"template":"","format":"standard","meta":{"footnotes":""},"categories":[8,9],"tags":[2747,3076],"class_list":["post-22797","post","type-post","status-publish","format-standard","has-post-thumbnail","hentry","category-seguridad","category-seguridad-cadereyta","tag-accidentes-viales-cadereyta","tag-fuente-la-ultima-palabra"],"_links":{"self":[{"href":"https:\/\/laultimapalabra.com.mx\/portal\/wp-json\/wp\/v2\/posts\/22797","targetHints":{"allow":["GET"]}}],"collection":[{"href":"https:\/\/laultimapalabra.com.mx\/portal\/wp-json\/wp\/v2\/posts"}],"about":[{"href":"https:\/\/laultimapalabra.com.mx\/portal\/wp-json\/wp\/v2\/types\/post"}],"author":[{"embeddable":true,"href":"https:\/\/laultimapalabra.com.mx\/portal\/wp-json\/wp\/v2\/users\/9"}],"replies":[{"embeddable":true,"href":"https:\/\/laultimapalabra.com.mx\/portal\/wp-json\/wp\/v2\/comments?post=22797"}],"version-history":[{"count":2,"href":"https:\/\/laultimapalabra.com.mx\/portal\/wp-json\/wp\/v2\/posts\/22797\/revisions"}],"predecessor-version":[{"id":74314,"href":"https:\/\/laultimapalabra.com.mx\/portal\/wp-json\/wp\/v2\/posts\/22797\/revisions\/74314"}],"wp:featuredmedia":[{"embeddable":true,"href":"https:\/\/laultimapalabra.com.mx\/portal\/wp-json\/wp\/v2\/media\/22774"}],"wp:attachment":[{"href":"https:\/\/laultimapalabra.com.mx\/portal\/wp-json\/wp\/v2\/media?parent=22797"}],"wp:term":[{"taxonomy":"category","embeddable":true,"href":"https:\/\/laultimapalabra.com.mx\/portal\/wp-json\/wp\/v2\/categories?post=22797"},{"taxonomy":"post_tag","embeddable":true,"href":"https:\/\/laultimapalabra.com.mx\/portal\/wp-json\/wp\/v2\/tags?post=22797"}],"curies":[{"name":"wp","href":"https:\/\/api.w.org\/{rel}","templated":true}]}}