                       {"id":22862,"date":"2021-10-13T14:57:27","date_gmt":"2021-10-13T20:57:27","guid":{"rendered":"https:\/\/laultimapalabra.com.mx\/portal\/?p=22862"},"modified":"2024-12-11T10:15:46","modified_gmt":"2024-12-11T16:15:46","slug":"llevan-vecinos-de-vistas-del-rio-dias-sin-electricidad","status":"publish","type":"post","link":"https:\/\/laultimapalabra.com.mx\/portal\/llevan-vecinos-de-vistas-del-rio-dias-sin-electricidad\/","title":{"rendered":"Llevan vecinos de Vistas del R\u00edo d\u00edas sin electricidad"},"content":{"rendered":"<p><span style=\"font-size: 1rem;\"><img loading=\"lazy\" decoding=\"async\" class=\"size-medium wp-image-22864 alignleft\" src=\"https:\/\/laultimapalabra.com.mx\/portal\/wp-content\/uploads\/2021\/10\/IMG-20211013-WA0014-300x169.jpg\" alt=\"\" width=\"300\" height=\"169\" srcset=\"https:\/\/laultimapalabra.com.mx\/portal\/wp-content\/uploads\/2021\/10\/IMG-20211013-WA0014-300x169.jpg 300w, https:\/\/laultimapalabra.com.mx\/portal\/wp-content\/uploads\/2021\/10\/IMG-20211013-WA0014-1024x576.jpg 1024w, https:\/\/laultimapalabra.com.mx\/portal\/wp-content\/uploads\/2021\/10\/IMG-20211013-WA0014-768x432.jpg 768w, https:\/\/laultimapalabra.com.mx\/portal\/wp-content\/uploads\/2021\/10\/IMG-20211013-WA0014-1536x864.jpg 1536w, https:\/\/laultimapalabra.com.mx\/portal\/wp-content\/uploads\/2021\/10\/IMG-20211013-WA0014.jpg 1599w\" sizes=\"auto, (max-width: 300px) 100vw, 300px\" \/>Ju\u00e1rez, N.L.- Vecinos de la colonia Vistas del R\u00edo en el municipio de Ju\u00e1rez reportaron que tienen desde el pasado lunes sin energ\u00eda el\u00e9ctrica en sus domicilios.<\/span><\/p>\n<p>La situaci\u00f3n se presenta en la calle Circuito Vistas de San Juan Cruz con Vistas de la Anacua de la mencionada colonia donde siete familias desde el lunes han estado sin electricidad; siendo la segunda ocasi\u00f3n en que sucede esto.<\/p>\n<p>Al parecer las fallas son en el registro que se encuentra en las banquetas y aunque ya se han hecho reportes, ninguna autoridad ha atendido la problem\u00e1tica lo que ha ocasionado que adem\u00e1s de perecer sus alimentos algunos de sus electrodom\u00e9sticos hayan resultado da\u00f1ados.<\/p>\n<p>Fuente:. La \u00daltima Palabra<\/p>\n","protected":false},"excerpt":{"rendered":"<p>Ju\u00e1rez, N.L.- Vecinos de la colonia Vistas del R\u00edo en el municipio de Ju\u00e1rez reportaron que tienen desde el pasado lunes sin energ\u00eda el\u00e9ctrica en sus domicilios. La situaci\u00f3n se presenta en la calle Circuito Vistas de San Juan Cruz con Vistas de la Anacua de la mencionada colonia donde siete familias desde el lunes [&hellip;]<\/p>\n","protected":false},"author":9,"featured_media":22863,"comment_status":"closed","ping_status":"closed","sticky":false,"template":"","format":"standard","meta":{"footnotes":""},"categories":[18,1],"tags":[2684,3076,3157],"class_list":["post-22862","post","type-post","status-publish","format-standard","has-post-thumbnail","hentry","category-locales-juarez","category-noticias","tag-cfe","tag-fuente-la-ultima-palabra","tag-reporte-ciudadano-juarez"],"_links":{"self":[{"href":"https:\/\/laultimapalabra.com.mx\/portal\/wp-json\/wp\/v2\/posts\/22862","targetHints":{"allow":["GET"]}}],"collection":[{"href":"https:\/\/laultimapalabra.com.mx\/portal\/wp-json\/wp\/v2\/posts"}],"about":[{"href":"https:\/\/laultimapalabra.com.mx\/portal\/wp-json\/wp\/v2\/types\/post"}],"author":[{"embeddable":true,"href":"https:\/\/laultimapalabra.com.mx\/portal\/wp-json\/wp\/v2\/users\/9"}],"replies":[{"embeddable":true,"href":"https:\/\/laultimapalabra.com.mx\/portal\/wp-json\/wp\/v2\/comments?post=22862"}],"version-history":[{"count":3,"href":"https:\/\/laultimapalabra.com.mx\/portal\/wp-json\/wp\/v2\/posts\/22862\/revisions"}],"predecessor-version":[{"id":74340,"href":"https:\/\/laultimapalabra.com.mx\/portal\/wp-json\/wp\/v2\/posts\/22862\/revisions\/74340"}],"wp:featuredmedia":[{"embeddable":true,"href":"https:\/\/laultimapalabra.com.mx\/portal\/wp-json\/wp\/v2\/media\/22863"}],"wp:attachment":[{"href":"https:\/\/laultimapalabra.com.mx\/portal\/wp-json\/wp\/v2\/media?parent=22862"}],"wp:term":[{"taxonomy":"category","embeddable":true,"href":"https:\/\/laultimapalabra.com.mx\/portal\/wp-json\/wp\/v2\/categories?post=22862"},{"taxonomy":"post_tag","embeddable":true,"href":"https:\/\/laultimapalabra.com.mx\/portal\/wp-json\/wp\/v2\/tags?post=22862"}],"curies":[{"name":"wp","href":"https:\/\/api.w.org\/{rel}","templated":true}]}}