                       {"id":22869,"date":"2021-10-13T14:58:59","date_gmt":"2021-10-13T20:58:59","guid":{"rendered":"https:\/\/laultimapalabra.com.mx\/portal\/?p=22869"},"modified":"2024-12-11T10:15:46","modified_gmt":"2024-12-11T16:15:46","slug":"pone-mercado-rodante-en-peligro-a-familias-de-vistas-del-rio","status":"publish","type":"post","link":"https:\/\/laultimapalabra.com.mx\/portal\/pone-mercado-rodante-en-peligro-a-familias-de-vistas-del-rio\/","title":{"rendered":"Pone mercado rodante en peligro a familias de Vistas del R\u00edo"},"content":{"rendered":"<p><span style=\"font-size: 1rem;\"><img loading=\"lazy\" decoding=\"async\" class=\"size-medium wp-image-22867 alignleft\" src=\"https:\/\/laultimapalabra.com.mx\/portal\/wp-content\/uploads\/2021\/10\/IMG-20211013-WA0019-300x169.jpg\" alt=\"\" width=\"300\" height=\"169\" srcset=\"https:\/\/laultimapalabra.com.mx\/portal\/wp-content\/uploads\/2021\/10\/IMG-20211013-WA0019-300x169.jpg 300w, https:\/\/laultimapalabra.com.mx\/portal\/wp-content\/uploads\/2021\/10\/IMG-20211013-WA0019-1024x576.jpg 1024w, https:\/\/laultimapalabra.com.mx\/portal\/wp-content\/uploads\/2021\/10\/IMG-20211013-WA0019-768x432.jpg 768w, https:\/\/laultimapalabra.com.mx\/portal\/wp-content\/uploads\/2021\/10\/IMG-20211013-WA0019-1536x864.jpg 1536w, https:\/\/laultimapalabra.com.mx\/portal\/wp-content\/uploads\/2021\/10\/IMG-20211013-WA0019.jpg 1599w\" sizes=\"auto, (max-width: 300px) 100vw, 300px\" \/>Ju\u00e1rez, N.L.- Vecinos de Vistas del R\u00edo reportan que el mercado rodante que se instala los martes y viernes en la avenida Vistas de la Anacua de 4 a 11 de la ma\u00f1ana causa diversos problemas en la colonia, entre ellos mencionaron que los afecta el bajo voltaje, adem\u00e1s de algunos cortos que se han suscitado pero que en verdad lo m\u00e1s preocupante es que dejan las l\u00edneas colgadas energizadas para nada m\u00e1s llegar y &#8220;colgarse&#8221;, propiciando el riesgo de que haya una electrocuci\u00f3n, aparte de que dejan libre solamente uno de los dos carriles para circulaci\u00f3n en doble sentido del boulevard donde aparte dejan sus veh\u00edculos mal estacionados, reduciendo a\u00fan m\u00e1s el espacio para transitar; por ello los vecinos piden la colaboraci\u00f3n de alguna autoridad para realizar alguna especie de ordenamiento en este mercado rodante que les de mayor seguridad.<\/span><\/p>\n<p>Fuente: La \u00daltima Palabra<\/p>\n","protected":false},"excerpt":{"rendered":"<p>Ju\u00e1rez, N.L.- Vecinos de Vistas del R\u00edo reportan que el mercado rodante que se instala los martes y viernes en la avenida Vistas de la Anacua de 4 a 11 de la ma\u00f1ana causa diversos problemas en la colonia, entre ellos mencionaron que los afecta el bajo voltaje, adem\u00e1s de algunos cortos que se han [&hellip;]<\/p>\n","protected":false},"author":9,"featured_media":22865,"comment_status":"closed","ping_status":"closed","sticky":false,"template":"","format":"standard","meta":{"footnotes":""},"categories":[18,1],"tags":[3336,3076,2837,3157],"class_list":["post-22869","post","type-post","status-publish","format-standard","has-post-thumbnail","hentry","category-locales-juarez","category-noticias","tag-ctm-juarez","tag-fuente-la-ultima-palabra","tag-mercados-rodantes-juarez","tag-reporte-ciudadano-juarez"],"_links":{"self":[{"href":"https:\/\/laultimapalabra.com.mx\/portal\/wp-json\/wp\/v2\/posts\/22869","targetHints":{"allow":["GET"]}}],"collection":[{"href":"https:\/\/laultimapalabra.com.mx\/portal\/wp-json\/wp\/v2\/posts"}],"about":[{"href":"https:\/\/laultimapalabra.com.mx\/portal\/wp-json\/wp\/v2\/types\/post"}],"author":[{"embeddable":true,"href":"https:\/\/laultimapalabra.com.mx\/portal\/wp-json\/wp\/v2\/users\/9"}],"replies":[{"embeddable":true,"href":"https:\/\/laultimapalabra.com.mx\/portal\/wp-json\/wp\/v2\/comments?post=22869"}],"version-history":[{"count":3,"href":"https:\/\/laultimapalabra.com.mx\/portal\/wp-json\/wp\/v2\/posts\/22869\/revisions"}],"predecessor-version":[{"id":74342,"href":"https:\/\/laultimapalabra.com.mx\/portal\/wp-json\/wp\/v2\/posts\/22869\/revisions\/74342"}],"wp:featuredmedia":[{"embeddable":true,"href":"https:\/\/laultimapalabra.com.mx\/portal\/wp-json\/wp\/v2\/media\/22865"}],"wp:attachment":[{"href":"https:\/\/laultimapalabra.com.mx\/portal\/wp-json\/wp\/v2\/media?parent=22869"}],"wp:term":[{"taxonomy":"category","embeddable":true,"href":"https:\/\/laultimapalabra.com.mx\/portal\/wp-json\/wp\/v2\/categories?post=22869"},{"taxonomy":"post_tag","embeddable":true,"href":"https:\/\/laultimapalabra.com.mx\/portal\/wp-json\/wp\/v2\/tags?post=22869"}],"curies":[{"name":"wp","href":"https:\/\/api.w.org\/{rel}","templated":true}]}}