                       {"id":22897,"date":"2021-10-14T09:59:39","date_gmt":"2021-10-14T15:59:39","guid":{"rendered":"https:\/\/laultimapalabra.com.mx\/portal\/?p=22897"},"modified":"2024-12-11T10:15:47","modified_gmt":"2024-12-11T16:15:47","slug":"derriba-postes-de-cableado-telefonico-en-centro-de-cadereyta","status":"publish","type":"post","link":"https:\/\/laultimapalabra.com.mx\/portal\/derriba-postes-de-cableado-telefonico-en-centro-de-cadereyta\/","title":{"rendered":"Derriba postes de cableado telef\u00f3nico en centro de Cadereyta"},"content":{"rendered":"<p><span style=\"font-size: 1rem;\"><img loading=\"lazy\" decoding=\"async\" class=\"size-medium wp-image-22894 alignleft\" src=\"https:\/\/laultimapalabra.com.mx\/portal\/wp-content\/uploads\/2021\/10\/IMG-20211013-WA0051-300x225.jpg\" alt=\"\" width=\"300\" height=\"225\" srcset=\"https:\/\/laultimapalabra.com.mx\/portal\/wp-content\/uploads\/2021\/10\/IMG-20211013-WA0051-300x225.jpg 300w, https:\/\/laultimapalabra.com.mx\/portal\/wp-content\/uploads\/2021\/10\/IMG-20211013-WA0051-1024x768.jpg 1024w, https:\/\/laultimapalabra.com.mx\/portal\/wp-content\/uploads\/2021\/10\/IMG-20211013-WA0051-768x576.jpg 768w, https:\/\/laultimapalabra.com.mx\/portal\/wp-content\/uploads\/2021\/10\/IMG-20211013-WA0051.jpg 1032w\" sizes=\"auto, (max-width: 300px) 100vw, 300px\" \/>Cadereyta Jim\u00e9nez, N. L.- <\/span><span style=\"font-size: 1rem;\">Esta noche alrededor de las 22:00 horas se dio el reporte de que un tracto cami\u00f3n derrib\u00f3 unos postes de cableado telef\u00f3nico en el centro de Cadereyta.<\/span><\/p>\n<p>Los hechos se dieron en la calle Ju\u00e1rez en su cruce con Manuel \u00c1vila Camacho, donde un tr\u00e1iler Kenworth al pasar por la calle mencionada y debido a lo alto de la pesada unidad, estira el cableado de tel\u00e9fono derribando dos postes de madera.<br \/>\nAl lugar acudieron elementos de Tr\u00e1nsito Municipal de Cadereyta quienes detuvieron al conductor de dicho tracto cami\u00f3n dos calles hacia adelante en el boulevard Ju\u00e1rez, tambi\u00e9n arrib\u00f3 Protecci\u00f3n Civil para acordonar el lugar y revisar si alg\u00fan cable ten\u00eda energ\u00eda el\u00e9ctrica.<\/p>\n<p>Fuente: La \u00daltima Palabra<\/p>\n","protected":false},"excerpt":{"rendered":"<p>Cadereyta Jim\u00e9nez, N. L.- Esta noche alrededor de las 22:00 horas se dio el reporte de que un tracto cami\u00f3n derrib\u00f3 unos postes de cableado telef\u00f3nico en el centro de Cadereyta. Los hechos se dieron en la calle Ju\u00e1rez en su cruce con Manuel \u00c1vila Camacho, donde un tr\u00e1iler Kenworth al pasar por la calle [&hellip;]<\/p>\n","protected":false},"author":9,"featured_media":22893,"comment_status":"closed","ping_status":"closed","sticky":false,"template":"","format":"standard","meta":{"footnotes":""},"categories":[17],"tags":[2747,3076],"class_list":["post-22897","post","type-post","status-publish","format-standard","has-post-thumbnail","hentry","category-locales-cadereyta","tag-accidentes-viales-cadereyta","tag-fuente-la-ultima-palabra"],"_links":{"self":[{"href":"https:\/\/laultimapalabra.com.mx\/portal\/wp-json\/wp\/v2\/posts\/22897","targetHints":{"allow":["GET"]}}],"collection":[{"href":"https:\/\/laultimapalabra.com.mx\/portal\/wp-json\/wp\/v2\/posts"}],"about":[{"href":"https:\/\/laultimapalabra.com.mx\/portal\/wp-json\/wp\/v2\/types\/post"}],"author":[{"embeddable":true,"href":"https:\/\/laultimapalabra.com.mx\/portal\/wp-json\/wp\/v2\/users\/9"}],"replies":[{"embeddable":true,"href":"https:\/\/laultimapalabra.com.mx\/portal\/wp-json\/wp\/v2\/comments?post=22897"}],"version-history":[{"count":2,"href":"https:\/\/laultimapalabra.com.mx\/portal\/wp-json\/wp\/v2\/posts\/22897\/revisions"}],"predecessor-version":[{"id":74350,"href":"https:\/\/laultimapalabra.com.mx\/portal\/wp-json\/wp\/v2\/posts\/22897\/revisions\/74350"}],"wp:featuredmedia":[{"embeddable":true,"href":"https:\/\/laultimapalabra.com.mx\/portal\/wp-json\/wp\/v2\/media\/22893"}],"wp:attachment":[{"href":"https:\/\/laultimapalabra.com.mx\/portal\/wp-json\/wp\/v2\/media?parent=22897"}],"wp:term":[{"taxonomy":"category","embeddable":true,"href":"https:\/\/laultimapalabra.com.mx\/portal\/wp-json\/wp\/v2\/categories?post=22897"},{"taxonomy":"post_tag","embeddable":true,"href":"https:\/\/laultimapalabra.com.mx\/portal\/wp-json\/wp\/v2\/tags?post=22897"}],"curies":[{"name":"wp","href":"https:\/\/api.w.org\/{rel}","templated":true}]}}