                       {"id":22936,"date":"2021-10-17T21:24:21","date_gmt":"2021-10-18T03:24:21","guid":{"rendered":"https:\/\/laultimapalabra.com.mx\/portal\/?p=22936"},"modified":"2024-12-11T10:15:48","modified_gmt":"2024-12-11T16:15:48","slug":"se-sale-del-camino-y-choca-contra-poste-en-cadereyta","status":"publish","type":"post","link":"https:\/\/laultimapalabra.com.mx\/portal\/se-sale-del-camino-y-choca-contra-poste-en-cadereyta\/","title":{"rendered":"Se sale del camino y choca contra poste en Cadereyta"},"content":{"rendered":"<p><span style=\"color: #333333; font-size: 1rem;\"><img loading=\"lazy\" decoding=\"async\" class=\"size-medium wp-image-22945 alignleft\" src=\"https:\/\/laultimapalabra.com.mx\/portal\/wp-content\/uploads\/2021\/10\/IMG-20211015-WA0061-300x169.jpg\" alt=\"\" width=\"300\" height=\"169\" srcset=\"https:\/\/laultimapalabra.com.mx\/portal\/wp-content\/uploads\/2021\/10\/IMG-20211015-WA0061-300x169.jpg 300w, https:\/\/laultimapalabra.com.mx\/portal\/wp-content\/uploads\/2021\/10\/IMG-20211015-WA0061-1024x576.jpg 1024w, https:\/\/laultimapalabra.com.mx\/portal\/wp-content\/uploads\/2021\/10\/IMG-20211015-WA0061-768x432.jpg 768w, https:\/\/laultimapalabra.com.mx\/portal\/wp-content\/uploads\/2021\/10\/IMG-20211015-WA0061.jpg 1280w\" sizes=\"auto, (max-width: 300px) 100vw, 300px\" \/>Cadereyta Jimenez, N.L.- El pasado viernes alrededor de las 20:35 horas, se suscit\u00f3 una salida de camino con choque contra poste en el Circuito Vial Bicentenario, justo atr\u00e1s de la Preparatoria #12.<\/span><\/p>\n<p>El veh\u00edculo protagonista de este accidente vial fue uno marca Chevrolet en color blanco, modelo 2002 con placas de circulaci\u00f3n SNF 4458 del estado de Nuevo Le\u00f3n, el cual era conducido por Jonathan Alfredo Gonzalez Garza de 20 a\u00f1os de edad, con domicilio en la infonavit Jose O. Martinez\u00a0 en este municipio.<\/p>\n<p>Siendo aparentemente la causa del percance el exceso de velocidad el causante de que perdiera el control de su unidad en una de las curvas de la mencionada arteria vial, resultando da\u00f1ado un poste de luz mercurial propiedad del municipio de Cadereyta Jim\u00e9nez, Nuevo Le\u00f3n.<\/p>\n<p>Afortunadamente no se reportaron lesionados en el incidente.<\/p>\n<p>Fuente: La \u00daltima Palabra<\/p>\n","protected":false},"excerpt":{"rendered":"<p>Cadereyta Jimenez, N.L.- El pasado viernes alrededor de las 20:35 horas, se suscit\u00f3 una salida de camino con choque contra poste en el Circuito Vial Bicentenario, justo atr\u00e1s de la Preparatoria #12. El veh\u00edculo protagonista de este accidente vial fue uno marca Chevrolet en color blanco, modelo 2002 con placas de circulaci\u00f3n SNF 4458 del [&hellip;]<\/p>\n","protected":false},"author":9,"featured_media":22944,"comment_status":"closed","ping_status":"closed","sticky":false,"template":"","format":"standard","meta":{"footnotes":""},"categories":[17],"tags":[2747,3076],"class_list":["post-22936","post","type-post","status-publish","format-standard","has-post-thumbnail","hentry","category-locales-cadereyta","tag-accidentes-viales-cadereyta","tag-fuente-la-ultima-palabra"],"_links":{"self":[{"href":"https:\/\/laultimapalabra.com.mx\/portal\/wp-json\/wp\/v2\/posts\/22936","targetHints":{"allow":["GET"]}}],"collection":[{"href":"https:\/\/laultimapalabra.com.mx\/portal\/wp-json\/wp\/v2\/posts"}],"about":[{"href":"https:\/\/laultimapalabra.com.mx\/portal\/wp-json\/wp\/v2\/types\/post"}],"author":[{"embeddable":true,"href":"https:\/\/laultimapalabra.com.mx\/portal\/wp-json\/wp\/v2\/users\/9"}],"replies":[{"embeddable":true,"href":"https:\/\/laultimapalabra.com.mx\/portal\/wp-json\/wp\/v2\/comments?post=22936"}],"version-history":[{"count":2,"href":"https:\/\/laultimapalabra.com.mx\/portal\/wp-json\/wp\/v2\/posts\/22936\/revisions"}],"predecessor-version":[{"id":74366,"href":"https:\/\/laultimapalabra.com.mx\/portal\/wp-json\/wp\/v2\/posts\/22936\/revisions\/74366"}],"wp:featuredmedia":[{"embeddable":true,"href":"https:\/\/laultimapalabra.com.mx\/portal\/wp-json\/wp\/v2\/media\/22944"}],"wp:attachment":[{"href":"https:\/\/laultimapalabra.com.mx\/portal\/wp-json\/wp\/v2\/media?parent=22936"}],"wp:term":[{"taxonomy":"category","embeddable":true,"href":"https:\/\/laultimapalabra.com.mx\/portal\/wp-json\/wp\/v2\/categories?post=22936"},{"taxonomy":"post_tag","embeddable":true,"href":"https:\/\/laultimapalabra.com.mx\/portal\/wp-json\/wp\/v2\/tags?post=22936"}],"curies":[{"name":"wp","href":"https:\/\/api.w.org\/{rel}","templated":true}]}}