                       {"id":22978,"date":"2021-10-17T22:58:20","date_gmt":"2021-10-18T04:58:20","guid":{"rendered":"https:\/\/laultimapalabra.com.mx\/portal\/?p=22978"},"modified":"2024-12-11T10:15:49","modified_gmt":"2024-12-11T16:15:49","slug":"pierde-el-control-y-choca-contra-domicilio-en-cadereyta","status":"publish","type":"post","link":"https:\/\/laultimapalabra.com.mx\/portal\/pierde-el-control-y-choca-contra-domicilio-en-cadereyta\/","title":{"rendered":"Pierde el control y choca contra domicilio en Cadereyta"},"content":{"rendered":"<div style=\"width: 640px;\" class=\"wp-video\"><video class=\"wp-video-shortcode\" id=\"video-22978-1\" width=\"640\" height=\"352\" preload=\"metadata\" controls=\"controls\"><source type=\"video\/mp4\" src=\"https:\/\/laultimapalabra.com.mx\/portal\/wp-content\/uploads\/2021\/10\/VID-20211017-WA0009.mp4?_=1\" \/><a href=\"https:\/\/laultimapalabra.com.mx\/portal\/wp-content\/uploads\/2021\/10\/VID-20211017-WA0009.mp4\">https:\/\/laultimapalabra.com.mx\/portal\/wp-content\/uploads\/2021\/10\/VID-20211017-WA0009.mp4<\/a><\/video><\/div>\n<p>&nbsp;<\/p>\n<p><span style=\"font-size: 1rem;\">Cadereyta Jim\u00e9nez, N.L.- La conductora de un autom\u00f3vil Malib\u00fa placas STW3424 result\u00f3 lesionada al chocar su autom\u00f3vil contra un domicilio en el municipio de Cadereyta.<\/span><\/p>\n<p>La mujer, quien aparentemente conduc\u00eda con aliento alcoh\u00f3lico, dormit\u00f3 al volante y perdi\u00f3 el control de su auto, el cual impact\u00f3 en la fachada de una casa.<\/p>\n<p>Los hechos ocurrieron en la calle Prolongaci\u00f3n Morelos a la altura de un sal\u00f3n de fiestas.<\/p>\n<p>Al sitio acudieron elementos de Seguridad P\u00fablica, as\u00ed como de Tr\u00e1nsito Municipal y Servicios de Emergencia Cadereyta.<\/p>\n<p>Finalmente, la conductora fue trasladada por Servicios de Emergencia al Hospital de Pemex para su atenci\u00f3n m\u00e9dica.<\/p>\n<p>Fuente: La \u00daltima Palabra<\/p>\n","protected":false},"excerpt":{"rendered":"<p>&nbsp; Cadereyta Jim\u00e9nez, N.L.- La conductora de un autom\u00f3vil Malib\u00fa placas STW3424 result\u00f3 lesionada al chocar su autom\u00f3vil contra un domicilio en el municipio de Cadereyta. La mujer, quien aparentemente conduc\u00eda con aliento alcoh\u00f3lico, dormit\u00f3 al volante y perdi\u00f3 el control de su auto, el cual impact\u00f3 en la fachada de una casa. Los hechos [&hellip;]<\/p>\n","protected":false},"author":9,"featured_media":22961,"comment_status":"closed","ping_status":"closed","sticky":false,"template":"","format":"standard","meta":{"footnotes":""},"categories":[17],"tags":[2747,3076],"class_list":["post-22978","post","type-post","status-publish","format-standard","has-post-thumbnail","hentry","category-locales-cadereyta","tag-accidentes-viales-cadereyta","tag-fuente-la-ultima-palabra"],"_links":{"self":[{"href":"https:\/\/laultimapalabra.com.mx\/portal\/wp-json\/wp\/v2\/posts\/22978","targetHints":{"allow":["GET"]}}],"collection":[{"href":"https:\/\/laultimapalabra.com.mx\/portal\/wp-json\/wp\/v2\/posts"}],"about":[{"href":"https:\/\/laultimapalabra.com.mx\/portal\/wp-json\/wp\/v2\/types\/post"}],"author":[{"embeddable":true,"href":"https:\/\/laultimapalabra.com.mx\/portal\/wp-json\/wp\/v2\/users\/9"}],"replies":[{"embeddable":true,"href":"https:\/\/laultimapalabra.com.mx\/portal\/wp-json\/wp\/v2\/comments?post=22978"}],"version-history":[{"count":2,"href":"https:\/\/laultimapalabra.com.mx\/portal\/wp-json\/wp\/v2\/posts\/22978\/revisions"}],"predecessor-version":[{"id":74382,"href":"https:\/\/laultimapalabra.com.mx\/portal\/wp-json\/wp\/v2\/posts\/22978\/revisions\/74382"}],"wp:featuredmedia":[{"embeddable":true,"href":"https:\/\/laultimapalabra.com.mx\/portal\/wp-json\/wp\/v2\/media\/22961"}],"wp:attachment":[{"href":"https:\/\/laultimapalabra.com.mx\/portal\/wp-json\/wp\/v2\/media?parent=22978"}],"wp:term":[{"taxonomy":"category","embeddable":true,"href":"https:\/\/laultimapalabra.com.mx\/portal\/wp-json\/wp\/v2\/categories?post=22978"},{"taxonomy":"post_tag","embeddable":true,"href":"https:\/\/laultimapalabra.com.mx\/portal\/wp-json\/wp\/v2\/tags?post=22978"}],"curies":[{"name":"wp","href":"https:\/\/api.w.org\/{rel}","templated":true}]}}