                       {"id":23006,"date":"2021-10-18T21:47:37","date_gmt":"2021-10-19T03:47:37","guid":{"rendered":"https:\/\/laultimapalabra.com.mx\/portal\/?p=23006"},"modified":"2024-12-11T10:15:49","modified_gmt":"2024-12-11T16:15:49","slug":"se-da-choque-lateral-entre-trailer-y-taxi-en-cadereyta","status":"publish","type":"post","link":"https:\/\/laultimapalabra.com.mx\/portal\/se-da-choque-lateral-entre-trailer-y-taxi-en-cadereyta\/","title":{"rendered":"Se da choque lateral entre tr\u00e1iler y taxi en Cadereyta"},"content":{"rendered":"<p><span style=\"font-size: 1rem;\"><img loading=\"lazy\" decoding=\"async\" class=\"size-medium wp-image-23008 alignleft\" src=\"https:\/\/laultimapalabra.com.mx\/portal\/wp-content\/uploads\/2021\/10\/IMG-20211018-WA0062-300x225.jpg\" alt=\"\" width=\"300\" height=\"225\" srcset=\"https:\/\/laultimapalabra.com.mx\/portal\/wp-content\/uploads\/2021\/10\/IMG-20211018-WA0062-300x225.jpg 300w, https:\/\/laultimapalabra.com.mx\/portal\/wp-content\/uploads\/2021\/10\/IMG-20211018-WA0062-1024x768.jpg 1024w, https:\/\/laultimapalabra.com.mx\/portal\/wp-content\/uploads\/2021\/10\/IMG-20211018-WA0062-768x576.jpg 768w, https:\/\/laultimapalabra.com.mx\/portal\/wp-content\/uploads\/2021\/10\/IMG-20211018-WA0062-1536x1152.jpg 1536w, https:\/\/laultimapalabra.com.mx\/portal\/wp-content\/uploads\/2021\/10\/IMG-20211018-WA0062.jpg 1600w\" sizes=\"auto, (max-width: 300px) 100vw, 300px\" \/>Cadereyta Jim\u00e9nez, N.L.- Hoy alrededor de las 16:40 horas se dio un choque lateral entre un tr\u00e1iler y un taxi sobre la Carretera libre Monterrey-Reynosa en el kilometro 36 donde afortunadamente no hubo lesionados.\u00a0<\/span><\/p>\n<p><span style=\"font-weight: 400;\">El percance se dio cuando el tr\u00e1iler intento dar vuelta en &#8220;u&#8221; y no se percat\u00f3 de la presencia del vehicloo de alquiler impactandolo de est\u00e1 manera.\u00a0<\/span><\/p>\n<p><span style=\"font-weight: 400;\">El veh\u00edculo responsable se identific\u00f3 como un tractor marca Kenworth tipo tractor modelo 2018 en color amarillo con placas de circulaci\u00f3n\u00a0 94AG3G SPF conducido por Julio cesar Leal Rico de 39 a\u00f1os de edad con domicilio en el municipio de Guadalupe.\u00a0<\/span><\/p>\n<p><span style=\"font-weight: 400;\">Mientras que el veh\u00edculo afectado fue un Nissan tipo Tsuru modelo 2014 en color verde con placas de circulaci\u00f3n 3831 MLF de servicio p\u00fablico, conducido por Oscar Gerardo Ram\u00edrez Torres de 23 a\u00f1os de edad, con domicilio en Cadereyta Jimenez NL<\/span><\/p>\n<p>&nbsp;<\/p>\n","protected":false},"excerpt":{"rendered":"<p>Cadereyta Jim\u00e9nez, N.L.- Hoy alrededor de las 16:40 horas se dio un choque lateral entre un tr\u00e1iler y un taxi sobre la Carretera libre Monterrey-Reynosa en el kilometro 36 donde afortunadamente no hubo lesionados.\u00a0 El percance se dio cuando el tr\u00e1iler intento dar vuelta en &#8220;u&#8221; y no se percat\u00f3 de la presencia del vehicloo [&hellip;]<\/p>\n","protected":false},"author":9,"featured_media":23007,"comment_status":"closed","ping_status":"closed","sticky":false,"template":"","format":"standard","meta":{"footnotes":""},"categories":[17],"tags":[2747,3076],"class_list":["post-23006","post","type-post","status-publish","format-standard","has-post-thumbnail","hentry","category-locales-cadereyta","tag-accidentes-viales-cadereyta","tag-fuente-la-ultima-palabra"],"_links":{"self":[{"href":"https:\/\/laultimapalabra.com.mx\/portal\/wp-json\/wp\/v2\/posts\/23006","targetHints":{"allow":["GET"]}}],"collection":[{"href":"https:\/\/laultimapalabra.com.mx\/portal\/wp-json\/wp\/v2\/posts"}],"about":[{"href":"https:\/\/laultimapalabra.com.mx\/portal\/wp-json\/wp\/v2\/types\/post"}],"author":[{"embeddable":true,"href":"https:\/\/laultimapalabra.com.mx\/portal\/wp-json\/wp\/v2\/users\/9"}],"replies":[{"embeddable":true,"href":"https:\/\/laultimapalabra.com.mx\/portal\/wp-json\/wp\/v2\/comments?post=23006"}],"version-history":[{"count":2,"href":"https:\/\/laultimapalabra.com.mx\/portal\/wp-json\/wp\/v2\/posts\/23006\/revisions"}],"predecessor-version":[{"id":74390,"href":"https:\/\/laultimapalabra.com.mx\/portal\/wp-json\/wp\/v2\/posts\/23006\/revisions\/74390"}],"wp:featuredmedia":[{"embeddable":true,"href":"https:\/\/laultimapalabra.com.mx\/portal\/wp-json\/wp\/v2\/media\/23007"}],"wp:attachment":[{"href":"https:\/\/laultimapalabra.com.mx\/portal\/wp-json\/wp\/v2\/media?parent=23006"}],"wp:term":[{"taxonomy":"category","embeddable":true,"href":"https:\/\/laultimapalabra.com.mx\/portal\/wp-json\/wp\/v2\/categories?post=23006"},{"taxonomy":"post_tag","embeddable":true,"href":"https:\/\/laultimapalabra.com.mx\/portal\/wp-json\/wp\/v2\/tags?post=23006"}],"curies":[{"name":"wp","href":"https:\/\/api.w.org\/{rel}","templated":true}]}}