                       {"id":23229,"date":"2021-10-26T13:38:10","date_gmt":"2021-10-26T19:38:10","guid":{"rendered":"https:\/\/laultimapalabra.com.mx\/portal\/?p=23229"},"modified":"2024-12-11T10:15:54","modified_gmt":"2024-12-11T16:15:54","slug":"choca-motociclista-contra-camellon-y-resulta-lesionado","status":"publish","type":"post","link":"https:\/\/laultimapalabra.com.mx\/portal\/choca-motociclista-contra-camellon-y-resulta-lesionado\/","title":{"rendered":"Choca motociclista contra camell\u00f3n y resulta lesionado"},"content":{"rendered":"<p><span style=\"font-size: 1rem;\"><img loading=\"lazy\" decoding=\"async\" class=\"size-medium wp-image-23222 alignleft\" src=\"https:\/\/laultimapalabra.com.mx\/portal\/wp-content\/uploads\/2021\/10\/IMG-20211026-WA0003-300x202.jpg\" alt=\"\" width=\"300\" height=\"202\" srcset=\"https:\/\/laultimapalabra.com.mx\/portal\/wp-content\/uploads\/2021\/10\/IMG-20211026-WA0003-300x202.jpg 300w, https:\/\/laultimapalabra.com.mx\/portal\/wp-content\/uploads\/2021\/10\/IMG-20211026-WA0003-768x516.jpg 768w, https:\/\/laultimapalabra.com.mx\/portal\/wp-content\/uploads\/2021\/10\/IMG-20211026-WA0003.jpg 899w\" sizes=\"auto, (max-width: 300px) 100vw, 300px\" \/>Ju\u00e1rez, N.L.- El d\u00eda de hoy alrededor de las 7: 30 horas, un motociclista result\u00f3 con lesiones de gravedad al chocar contra camell\u00f3n y salir proyectado.<\/span><\/p>\n<p>Los hechos se dieron en la carretera Libre a Reynosa en el kil\u00f3metro 23 casi en el cruce de la calle San Antonio, en direcci\u00f3n hacia Monterrey.<\/p>\n<p>El hombre quien no fue identificado, vest\u00eda playera celeste, chamarra negra, pantal\u00f3n negro y zapatos negros, la motocicleta es una italika ft150 Negro con amarillo.<\/p>\n<p>Al lugar acudieron elementos de Proteccion Civil de Ju\u00e1rez quienes trasladaron al motociclista al Hospital Universitario, tambi\u00e9n arribaron elementos de Vialidad y Tr\u00e1nsito, quienes abanderaron el lugar.<\/p>\n<p>Fuente: La \u00daltima Palabra<\/p>\n","protected":false},"excerpt":{"rendered":"<p>Ju\u00e1rez, N.L.- El d\u00eda de hoy alrededor de las 7: 30 horas, un motociclista result\u00f3 con lesiones de gravedad al chocar contra camell\u00f3n y salir proyectado. Los hechos se dieron en la carretera Libre a Reynosa en el kil\u00f3metro 23 casi en el cruce de la calle San Antonio, en direcci\u00f3n hacia Monterrey. El hombre [&hellip;]<\/p>\n","protected":false},"author":9,"featured_media":23223,"comment_status":"closed","ping_status":"closed","sticky":false,"template":"","format":"standard","meta":{"footnotes":""},"categories":[18],"tags":[2965,3076],"class_list":["post-23229","post","type-post","status-publish","format-standard","has-post-thumbnail","hentry","category-locales-juarez","tag-accidentes-viales-juarez","tag-fuente-la-ultima-palabra"],"_links":{"self":[{"href":"https:\/\/laultimapalabra.com.mx\/portal\/wp-json\/wp\/v2\/posts\/23229","targetHints":{"allow":["GET"]}}],"collection":[{"href":"https:\/\/laultimapalabra.com.mx\/portal\/wp-json\/wp\/v2\/posts"}],"about":[{"href":"https:\/\/laultimapalabra.com.mx\/portal\/wp-json\/wp\/v2\/types\/post"}],"author":[{"embeddable":true,"href":"https:\/\/laultimapalabra.com.mx\/portal\/wp-json\/wp\/v2\/users\/9"}],"replies":[{"embeddable":true,"href":"https:\/\/laultimapalabra.com.mx\/portal\/wp-json\/wp\/v2\/comments?post=23229"}],"version-history":[{"count":2,"href":"https:\/\/laultimapalabra.com.mx\/portal\/wp-json\/wp\/v2\/posts\/23229\/revisions"}],"predecessor-version":[{"id":74482,"href":"https:\/\/laultimapalabra.com.mx\/portal\/wp-json\/wp\/v2\/posts\/23229\/revisions\/74482"}],"wp:featuredmedia":[{"embeddable":true,"href":"https:\/\/laultimapalabra.com.mx\/portal\/wp-json\/wp\/v2\/media\/23223"}],"wp:attachment":[{"href":"https:\/\/laultimapalabra.com.mx\/portal\/wp-json\/wp\/v2\/media?parent=23229"}],"wp:term":[{"taxonomy":"category","embeddable":true,"href":"https:\/\/laultimapalabra.com.mx\/portal\/wp-json\/wp\/v2\/categories?post=23229"},{"taxonomy":"post_tag","embeddable":true,"href":"https:\/\/laultimapalabra.com.mx\/portal\/wp-json\/wp\/v2\/tags?post=23229"}],"curies":[{"name":"wp","href":"https:\/\/api.w.org\/{rel}","templated":true}]}}