                       {"id":2329,"date":"2018-06-29T00:08:59","date_gmt":"2018-06-29T00:08:59","guid":{"rendered":"http:\/\/laultimapalabra.info\/?p=2329"},"modified":"2024-12-11T08:37:18","modified_gmt":"2024-12-11T14:37:18","slug":"veda-electoral","status":"publish","type":"post","link":"https:\/\/laultimapalabra.com.mx\/portal\/veda-electoral\/","title":{"rendered":"VEDA ELECTORAL"},"content":{"rendered":"<p style=\"text-align: justify;\"><img loading=\"lazy\" decoding=\"async\" class=\"size-medium wp-image-253 alignright\" src=\"https:\/\/laultimapalabra.com.mx\/portal\/wp-content\/uploads\/2018\/02\/DAVID-LOPEZ-281x300.jpg\" alt=\"\" width=\"281\" height=\"300\" \/>Por: David L\u00f3pez<br \/>\nPor ley entramos a la veda electoral, sin embargo d\u00e9jenme decirles porque AMLOVER insiste en su amnist\u00eda, en su constituci\u00f3n moral y en un pa\u00eds amoroso. Porque es un liberal puro y basa su ideario en hombres que dejaron huella en el mundo como Adolfo P\u00e9rez Esquivel y para muestra un pedacito; para un hombre como yo, una peque\u00f1a voz de los que no tienen voz, que lucha para que se oiga con toda la fuerza el clamor de los pueblos, sin otra identificaci\u00f3n que con el hombre latinoamericano y como cristiano. Vivo en un pa\u00eds que sufre entre la angustia y la Esperanza y en donde se inscribe mi historia, estoy convencido que la opci\u00f3n de la fuerza evang\u00e9lica de la no-violencia. Una opci\u00f3n que prioriza un valor esencial y entra\u00f1ablemente cristiano: la dignidad del Hombre, la sagrada trascendente e irrenunciable dignidad del hombre que le viene del hecho primordial de ser hijo de Dios y hermano en Cristo y por lo tanto hermano nuestro. No tenemos mucho que decir, pero s\u00ed, mucho que compartir para lograr a trav\u00e9s de la lucha no-violenta la abolici\u00f3n de las injusticias, a fin de alcanzar una sociedad m\u00e1s justa y humana para todos. En este caminar junto a mis hermanos los pobres, los que son perseguidos, los que tienen hambre y sed de justicia, los que padecen por causa de la opresi\u00f3n, los que se angustian ante la perspectiva de la guerra, los que sufren la agresi\u00f3n de la violencia o ven postergados sus derechos elementales. Mi voz quiere tener la fuerza de la voz de los humildes. La voz que denuncia la injusticia y proclama la Esperanza en Dios y la Humanidad que es la Esperanza del Hombre que ans\u00eda vivir en la comuni\u00f3n y participaci\u00f3n con todos los hermanos como hijos de Dios. Conocer es valorar una realidad con la vocaci\u00f3n cierta de compartir su destino. Pero cuando vemos esa realidad que viven nuestros pueblos, en que millones de nuestros ni\u00f1os, j\u00f3venes, adultos, ancianos viven bajo el signo del sub-desarrollo. La violencia institucionalizada, la miseria y la opresi\u00f3n generan una realidad dual, fruto de la persistencia de sistemas pol\u00edticos y econ\u00f3micos creadores de injusticias, que consagran un orden social que beneficia a unos pocos: ricos cada vez m\u00e1s ricos a costa de pobres cada vez m\u00e1s pobres. Les hablo teniendo ante mis ojos el recuerdo vivo de los rostros de mis hermanos, los trabajadores, obreros y campesinos que son reducidos a niveles de vida infrahumana y limitados sus derechos sindicales, del rostro de los ni\u00f1os que padecen desnutrici\u00f3n, de los j\u00f3venes que ven frustradas sus esperanzas, de los marginados urbanos, de nuestros ind\u00edgenas, de las madres que buscan sus hijos desaparecidos, de los desaparecidos, muchos de ellos ni\u00f1os, de miles de exiliados, de los Pueblos que reclaman libertad y justicia para todos. Pero pese a tanto dolor vivo la Esperanza porque siento que M\u00e9xico es un pa\u00eds puesto de pie, que podr\u00e1n demorar su liberaci\u00f3n, pero nunca impedir. Vivimos la Esperanza porque creemos, como San Pablo, que el amor nunca muere y que el hombre, en el proceso hist\u00f3rico, ha ido creando enclaves de Amor con la pr\u00e1ctica activa de su solidaridad en todo el mundo hacia la liberaci\u00f3n integral del hombre y los pueblos. Y es por esa fe en Cristo y en los hombres que debemos aportar nuestro esfuerzo humilde en la construcci\u00f3n de un mundo m\u00e1s justo y humano. Y quiero afirmarlo con \u00e9nfasis: Ese mundo es posible. Y para construir esa nueva sociedad debemos estar con las manos abiertas, fraternas, sin odios, sin rencores, para alcanzar la reconciliaci\u00f3n y la Paz, pero con mucha firmeza, sin claudicaciones en defensa de la Verdad y la Justicia. Porque s\u00e9 que nadie puede sembrar con los pu\u00f1os cerrados. Para sembrar es necesario abrir las manos. Bienaventurados los que tienen hambre y sed de la justicia, porque ellos ser\u00e1n saciados. Bienaventurados los perseguidos por la causa de la justicia, porque de ellos es el Reino de los Cielos, Bienaventurados ser\u00e9is cuando os injurien y os persigan y digan con mentira toda clase de mal contra vosotros por mi causa. Alegraos y regocijaos, porque vuestra recompensa ser\u00e1 grande en los cielos; pues de la misma manera persiguieron a los profetas anteriores a vosotros.<br \/>\n(Mateo 5, 1-12). HASTA LA PR\u00d3XIMA SDQ<\/p>\n","protected":false},"excerpt":{"rendered":"<p>Por: David L\u00f3pez Por ley entramos a la veda electoral, sin embargo d\u00e9jenme decirles porque AMLOVER insiste en su amnist\u00eda, en su constituci\u00f3n moral y en un pa\u00eds amoroso. Porque es un liberal puro y basa su ideario en hombres que dejaron huella en el mundo como Adolfo P\u00e9rez Esquivel y para muestra un pedacito; [&hellip;]<\/p>\n","protected":false},"author":9,"featured_media":253,"comment_status":"open","ping_status":"closed","sticky":false,"template":"","format":"standard","meta":{"footnotes":""},"categories":[1],"tags":[755],"class_list":["post-2329","post","type-post","status-publish","format-standard","has-post-thumbnail","hentry","category-noticias","tag-david-lopez"],"_links":{"self":[{"href":"https:\/\/laultimapalabra.com.mx\/portal\/wp-json\/wp\/v2\/posts\/2329","targetHints":{"allow":["GET"]}}],"collection":[{"href":"https:\/\/laultimapalabra.com.mx\/portal\/wp-json\/wp\/v2\/posts"}],"about":[{"href":"https:\/\/laultimapalabra.com.mx\/portal\/wp-json\/wp\/v2\/types\/post"}],"author":[{"embeddable":true,"href":"https:\/\/laultimapalabra.com.mx\/portal\/wp-json\/wp\/v2\/users\/9"}],"replies":[{"embeddable":true,"href":"https:\/\/laultimapalabra.com.mx\/portal\/wp-json\/wp\/v2\/comments?post=2329"}],"version-history":[{"count":1,"href":"https:\/\/laultimapalabra.com.mx\/portal\/wp-json\/wp\/v2\/posts\/2329\/revisions"}],"predecessor-version":[{"id":64269,"href":"https:\/\/laultimapalabra.com.mx\/portal\/wp-json\/wp\/v2\/posts\/2329\/revisions\/64269"}],"wp:featuredmedia":[{"embeddable":true,"href":"https:\/\/laultimapalabra.com.mx\/portal\/wp-json\/"}],"wp:attachment":[{"href":"https:\/\/laultimapalabra.com.mx\/portal\/wp-json\/wp\/v2\/media?parent=2329"}],"wp:term":[{"taxonomy":"category","embeddable":true,"href":"https:\/\/laultimapalabra.com.mx\/portal\/wp-json\/wp\/v2\/categories?post=2329"},{"taxonomy":"post_tag","embeddable":true,"href":"https:\/\/laultimapalabra.com.mx\/portal\/wp-json\/wp\/v2\/tags?post=2329"}],"curies":[{"name":"wp","href":"https:\/\/api.w.org\/{rel}","templated":true}]}}