                       {"id":23296,"date":"2021-10-28T12:51:48","date_gmt":"2021-10-28T18:51:48","guid":{"rendered":"https:\/\/laultimapalabra.com.mx\/portal\/?p=23296"},"modified":"2024-12-11T10:15:55","modified_gmt":"2024-12-11T16:15:55","slug":"aparatoso-choque-en-libramiento-amd","status":"publish","type":"post","link":"https:\/\/laultimapalabra.com.mx\/portal\/aparatoso-choque-en-libramiento-amd\/","title":{"rendered":"Aparatoso choque en Libramiento AMD"},"content":{"rendered":"<p><span style=\"font-size: 1rem;\"><img loading=\"lazy\" decoding=\"async\" class=\"size-medium wp-image-23291 alignleft\" src=\"https:\/\/laultimapalabra.com.mx\/portal\/wp-content\/uploads\/2021\/10\/IMG-20211028-WA0013-300x169.jpg\" alt=\"\" width=\"300\" height=\"169\" srcset=\"https:\/\/laultimapalabra.com.mx\/portal\/wp-content\/uploads\/2021\/10\/IMG-20211028-WA0013-300x169.jpg 300w, https:\/\/laultimapalabra.com.mx\/portal\/wp-content\/uploads\/2021\/10\/IMG-20211028-WA0013-1024x576.jpg 1024w, https:\/\/laultimapalabra.com.mx\/portal\/wp-content\/uploads\/2021\/10\/IMG-20211028-WA0013-768x432.jpg 768w, https:\/\/laultimapalabra.com.mx\/portal\/wp-content\/uploads\/2021\/10\/IMG-20211028-WA0013.jpg 1280w\" sizes=\"auto, (max-width: 300px) 100vw, 300px\" \/>Cadereyta Jim\u00e9nez, N.L.- Un aparatoso accidente vial se present\u00f3 alrededor de las 8:15 de la ma\u00f1ana de hoy sobre el Libramiento Alfonso Mart\u00ednez Dom\u00ednguez casi en el cruce con la carretera Libre a Reynosa rumbo a Pemex, donde la conductora de un Aveo en color guindo impact\u00f3 por atr\u00e1s al conductor de un Ford Fusi\u00f3n de color gris que se encontraba detenido por el accidente del tren; ya que el tr\u00e1fico se extendi\u00f3 hasta este lugar.<\/span><\/p>\n<p>La mujer fue identificada como Cinthia, quien result\u00f3 con crisis de nervios tras el incidente.<\/p>\n<p>Fuente: La \u00daltima Palabra<\/p>\n","protected":false},"excerpt":{"rendered":"<p>Cadereyta Jim\u00e9nez, N.L.- Un aparatoso accidente vial se present\u00f3 alrededor de las 8:15 de la ma\u00f1ana de hoy sobre el Libramiento Alfonso Mart\u00ednez Dom\u00ednguez casi en el cruce con la carretera Libre a Reynosa rumbo a Pemex, donde la conductora de un Aveo en color guindo impact\u00f3 por atr\u00e1s al conductor de un Ford Fusi\u00f3n [&hellip;]<\/p>\n","protected":false},"author":9,"featured_media":23290,"comment_status":"closed","ping_status":"closed","sticky":false,"template":"","format":"standard","meta":{"footnotes":""},"categories":[17],"tags":[2747,3076],"class_list":["post-23296","post","type-post","status-publish","format-standard","has-post-thumbnail","hentry","category-locales-cadereyta","tag-accidentes-viales-cadereyta","tag-fuente-la-ultima-palabra"],"_links":{"self":[{"href":"https:\/\/laultimapalabra.com.mx\/portal\/wp-json\/wp\/v2\/posts\/23296","targetHints":{"allow":["GET"]}}],"collection":[{"href":"https:\/\/laultimapalabra.com.mx\/portal\/wp-json\/wp\/v2\/posts"}],"about":[{"href":"https:\/\/laultimapalabra.com.mx\/portal\/wp-json\/wp\/v2\/types\/post"}],"author":[{"embeddable":true,"href":"https:\/\/laultimapalabra.com.mx\/portal\/wp-json\/wp\/v2\/users\/9"}],"replies":[{"embeddable":true,"href":"https:\/\/laultimapalabra.com.mx\/portal\/wp-json\/wp\/v2\/comments?post=23296"}],"version-history":[{"count":2,"href":"https:\/\/laultimapalabra.com.mx\/portal\/wp-json\/wp\/v2\/posts\/23296\/revisions"}],"predecessor-version":[{"id":74512,"href":"https:\/\/laultimapalabra.com.mx\/portal\/wp-json\/wp\/v2\/posts\/23296\/revisions\/74512"}],"wp:featuredmedia":[{"embeddable":true,"href":"https:\/\/laultimapalabra.com.mx\/portal\/wp-json\/wp\/v2\/media\/23290"}],"wp:attachment":[{"href":"https:\/\/laultimapalabra.com.mx\/portal\/wp-json\/wp\/v2\/media?parent=23296"}],"wp:term":[{"taxonomy":"category","embeddable":true,"href":"https:\/\/laultimapalabra.com.mx\/portal\/wp-json\/wp\/v2\/categories?post=23296"},{"taxonomy":"post_tag","embeddable":true,"href":"https:\/\/laultimapalabra.com.mx\/portal\/wp-json\/wp\/v2\/tags?post=23296"}],"curies":[{"name":"wp","href":"https:\/\/api.w.org\/{rel}","templated":true}]}}