                       {"id":23318,"date":"2021-10-29T11:57:28","date_gmt":"2021-10-29T17:57:28","guid":{"rendered":"https:\/\/laultimapalabra.com.mx\/portal\/?p=23318"},"modified":"2024-12-11T10:15:56","modified_gmt":"2024-12-11T16:15:56","slug":"se-le-zafa-remolque-y-provoca-choque-en-cadereyta","status":"publish","type":"post","link":"https:\/\/laultimapalabra.com.mx\/portal\/se-le-zafa-remolque-y-provoca-choque-en-cadereyta\/","title":{"rendered":"Se le zafa remolque y provoca choque en Cadereyta"},"content":{"rendered":"<p><span style=\"font-size: 1rem;\"><img loading=\"lazy\" decoding=\"async\" class=\"size-medium wp-image-23312 alignleft\" src=\"https:\/\/laultimapalabra.com.mx\/portal\/wp-content\/uploads\/2021\/10\/IMG-20211029-WA0040-300x169.jpg\" alt=\"\" width=\"300\" height=\"169\" srcset=\"https:\/\/laultimapalabra.com.mx\/portal\/wp-content\/uploads\/2021\/10\/IMG-20211029-WA0040-300x169.jpg 300w, https:\/\/laultimapalabra.com.mx\/portal\/wp-content\/uploads\/2021\/10\/IMG-20211029-WA0040-1024x576.jpg 1024w, https:\/\/laultimapalabra.com.mx\/portal\/wp-content\/uploads\/2021\/10\/IMG-20211029-WA0040-768x432.jpg 768w, https:\/\/laultimapalabra.com.mx\/portal\/wp-content\/uploads\/2021\/10\/IMG-20211029-WA0040.jpg 1280w\" sizes=\"auto, (max-width: 300px) 100vw, 300px\" \/>Cadereyta Jim\u00e9nez, N.L.- Aproximadamente a las 9:30 de la ma\u00f1ana del d\u00eda de hoy se report\u00f3 un accidente vial en la Carretera Cadereyta-Allende en el km 23 a la altura de la entrada de la comunidad La Union, donde a una camioneta pick up se le zafa un remolque que impacta a una camioneta marca Nissan de Caja Seca en su parte frontal, no habiendo afortunadamente lesionados, quedando el remolque atravesado en la circulaci\u00f3n hacia el municipio de Allende donde los vehiculos que por ah\u00ed circulaban tuvieron que conducir en sentido contrario mientras se esperaba la llegada de la Guardia Nacional para que se hiciera cargo del percance.\u00a0<\/span><\/p>\n<p>Fuente: La \u00daltima Palabra<\/p>\n","protected":false},"excerpt":{"rendered":"<p>Cadereyta Jim\u00e9nez, N.L.- Aproximadamente a las 9:30 de la ma\u00f1ana del d\u00eda de hoy se report\u00f3 un accidente vial en la Carretera Cadereyta-Allende en el km 23 a la altura de la entrada de la comunidad La Union, donde a una camioneta pick up se le zafa un remolque que impacta a una camioneta marca [&hellip;]<\/p>\n","protected":false},"author":9,"featured_media":23310,"comment_status":"closed","ping_status":"closed","sticky":false,"template":"","format":"standard","meta":{"footnotes":""},"categories":[17],"tags":[2747,3076],"class_list":["post-23318","post","type-post","status-publish","format-standard","has-post-thumbnail","hentry","category-locales-cadereyta","tag-accidentes-viales-cadereyta","tag-fuente-la-ultima-palabra"],"_links":{"self":[{"href":"https:\/\/laultimapalabra.com.mx\/portal\/wp-json\/wp\/v2\/posts\/23318","targetHints":{"allow":["GET"]}}],"collection":[{"href":"https:\/\/laultimapalabra.com.mx\/portal\/wp-json\/wp\/v2\/posts"}],"about":[{"href":"https:\/\/laultimapalabra.com.mx\/portal\/wp-json\/wp\/v2\/types\/post"}],"author":[{"embeddable":true,"href":"https:\/\/laultimapalabra.com.mx\/portal\/wp-json\/wp\/v2\/users\/9"}],"replies":[{"embeddable":true,"href":"https:\/\/laultimapalabra.com.mx\/portal\/wp-json\/wp\/v2\/comments?post=23318"}],"version-history":[{"count":2,"href":"https:\/\/laultimapalabra.com.mx\/portal\/wp-json\/wp\/v2\/posts\/23318\/revisions"}],"predecessor-version":[{"id":74520,"href":"https:\/\/laultimapalabra.com.mx\/portal\/wp-json\/wp\/v2\/posts\/23318\/revisions\/74520"}],"wp:featuredmedia":[{"embeddable":true,"href":"https:\/\/laultimapalabra.com.mx\/portal\/wp-json\/wp\/v2\/media\/23310"}],"wp:attachment":[{"href":"https:\/\/laultimapalabra.com.mx\/portal\/wp-json\/wp\/v2\/media?parent=23318"}],"wp:term":[{"taxonomy":"category","embeddable":true,"href":"https:\/\/laultimapalabra.com.mx\/portal\/wp-json\/wp\/v2\/categories?post=23318"},{"taxonomy":"post_tag","embeddable":true,"href":"https:\/\/laultimapalabra.com.mx\/portal\/wp-json\/wp\/v2\/tags?post=23318"}],"curies":[{"name":"wp","href":"https:\/\/api.w.org\/{rel}","templated":true}]}}