                       {"id":23334,"date":"2021-10-31T12:40:26","date_gmt":"2021-10-31T18:40:26","guid":{"rendered":"https:\/\/laultimapalabra.com.mx\/portal\/?p=23334"},"modified":"2024-12-11T10:15:56","modified_gmt":"2024-12-11T16:15:56","slug":"sofocan-bomberos-de-cadereyta-incendio-en-la-cadereyta-allende","status":"publish","type":"post","link":"https:\/\/laultimapalabra.com.mx\/portal\/sofocan-bomberos-de-cadereyta-incendio-en-la-cadereyta-allende\/","title":{"rendered":"Sofocan Bomberos de Cadereyta incendio en la Cadereyta-Allende"},"content":{"rendered":"<p><span style=\"font-size: 1rem;\"><img loading=\"lazy\" decoding=\"async\" class=\"size-medium wp-image-23336 alignleft\" src=\"https:\/\/laultimapalabra.com.mx\/portal\/wp-content\/uploads\/2021\/10\/IMG-20211029-WA0104-300x169.jpg\" alt=\"\" width=\"300\" height=\"169\" srcset=\"https:\/\/laultimapalabra.com.mx\/portal\/wp-content\/uploads\/2021\/10\/IMG-20211029-WA0104-300x169.jpg 300w, https:\/\/laultimapalabra.com.mx\/portal\/wp-content\/uploads\/2021\/10\/IMG-20211029-WA0104-1024x576.jpg 1024w, https:\/\/laultimapalabra.com.mx\/portal\/wp-content\/uploads\/2021\/10\/IMG-20211029-WA0104-768x432.jpg 768w, https:\/\/laultimapalabra.com.mx\/portal\/wp-content\/uploads\/2021\/10\/IMG-20211029-WA0104.jpg 1280w\" sizes=\"auto, (max-width: 300px) 100vw, 300px\" \/>Cadereyta Jim\u00e9nez, N.L.- Un incendio que dur\u00f3 poco m\u00e1s de hora y media fue sofocado la tarde del viernes por Bomberos Cadereyta.<\/span><\/p>\n<p>El siniestro se suscit\u00f3 en la Carretera Cadereyta-Allende km 16 aproximadamente, donde se suscit\u00f3 un incendio de pastizal que empez\u00f3 alrededor de las 16:00 horas y no fue sino hasta las 18:00 horas que terminaron de sofocarlo, esto debido a la intervenci\u00f3n del viento que no favorec\u00eda los trabajos Bomberos de Cadereyta.<\/p>\n<p>Fuente: La \u00daltima Palabra<\/p>\n","protected":false},"excerpt":{"rendered":"<p>Cadereyta Jim\u00e9nez, N.L.- Un incendio que dur\u00f3 poco m\u00e1s de hora y media fue sofocado la tarde del viernes por Bomberos Cadereyta. El siniestro se suscit\u00f3 en la Carretera Cadereyta-Allende km 16 aproximadamente, donde se suscit\u00f3 un incendio de pastizal que empez\u00f3 alrededor de las 16:00 horas y no fue sino hasta las 18:00 horas [&hellip;]<\/p>\n","protected":false},"author":9,"featured_media":23335,"comment_status":"closed","ping_status":"closed","sticky":false,"template":"","format":"standard","meta":{"footnotes":""},"categories":[17],"tags":[313,3076,1172,1260],"class_list":["post-23334","post","type-post","status-publish","format-standard","has-post-thumbnail","hentry","category-locales-cadereyta","tag-bomberos-cadereyta","tag-fuente-la-ultima-palabra","tag-guillermo-de-leon-delgado","tag-incendios-cadereyta"],"_links":{"self":[{"href":"https:\/\/laultimapalabra.com.mx\/portal\/wp-json\/wp\/v2\/posts\/23334","targetHints":{"allow":["GET"]}}],"collection":[{"href":"https:\/\/laultimapalabra.com.mx\/portal\/wp-json\/wp\/v2\/posts"}],"about":[{"href":"https:\/\/laultimapalabra.com.mx\/portal\/wp-json\/wp\/v2\/types\/post"}],"author":[{"embeddable":true,"href":"https:\/\/laultimapalabra.com.mx\/portal\/wp-json\/wp\/v2\/users\/9"}],"replies":[{"embeddable":true,"href":"https:\/\/laultimapalabra.com.mx\/portal\/wp-json\/wp\/v2\/comments?post=23334"}],"version-history":[{"count":2,"href":"https:\/\/laultimapalabra.com.mx\/portal\/wp-json\/wp\/v2\/posts\/23334\/revisions"}],"predecessor-version":[{"id":74526,"href":"https:\/\/laultimapalabra.com.mx\/portal\/wp-json\/wp\/v2\/posts\/23334\/revisions\/74526"}],"wp:featuredmedia":[{"embeddable":true,"href":"https:\/\/laultimapalabra.com.mx\/portal\/wp-json\/wp\/v2\/media\/23335"}],"wp:attachment":[{"href":"https:\/\/laultimapalabra.com.mx\/portal\/wp-json\/wp\/v2\/media?parent=23334"}],"wp:term":[{"taxonomy":"category","embeddable":true,"href":"https:\/\/laultimapalabra.com.mx\/portal\/wp-json\/wp\/v2\/categories?post=23334"},{"taxonomy":"post_tag","embeddable":true,"href":"https:\/\/laultimapalabra.com.mx\/portal\/wp-json\/wp\/v2\/tags?post=23334"}],"curies":[{"name":"wp","href":"https:\/\/api.w.org\/{rel}","templated":true}]}}