                       {"id":23367,"date":"2021-11-02T13:48:36","date_gmt":"2021-11-02T19:48:36","guid":{"rendered":"https:\/\/laultimapalabra.com.mx\/portal\/?p=23367"},"modified":"2024-12-11T10:15:57","modified_gmt":"2024-12-11T16:15:57","slug":"toman-moto-sin-permiso-y-se-impactan-contra-versa-en-cadereyta","status":"publish","type":"post","link":"https:\/\/laultimapalabra.com.mx\/portal\/toman-moto-sin-permiso-y-se-impactan-contra-versa-en-cadereyta\/","title":{"rendered":"Toman moto sin permiso y se impactan contra versa en Cadereyta"},"content":{"rendered":"<p><span style=\"font-size: 1rem;\"><img loading=\"lazy\" decoding=\"async\" class=\"size-medium wp-image-23369 alignleft\" src=\"https:\/\/laultimapalabra.com.mx\/portal\/wp-content\/uploads\/2021\/11\/IMG-20211101-WA0066-300x169.jpg\" alt=\"\" width=\"300\" height=\"169\" srcset=\"https:\/\/laultimapalabra.com.mx\/portal\/wp-content\/uploads\/2021\/11\/IMG-20211101-WA0066-300x169.jpg 300w, https:\/\/laultimapalabra.com.mx\/portal\/wp-content\/uploads\/2021\/11\/IMG-20211101-WA0066-1024x576.jpg 1024w, https:\/\/laultimapalabra.com.mx\/portal\/wp-content\/uploads\/2021\/11\/IMG-20211101-WA0066-768x432.jpg 768w, https:\/\/laultimapalabra.com.mx\/portal\/wp-content\/uploads\/2021\/11\/IMG-20211101-WA0066.jpg 1280w\" sizes=\"auto, (max-width: 300px) 100vw, 300px\" \/>Cadereyta Jimenez, N.L.- La tarde de ayer unos menores de edad de entre 8 y 13 a\u00f1os de edad de la colonia Palmanova en su cruce de las calles Monza con Ambrosio en el municipio de Cadereyta sufrieron un percance vial despu\u00e9s de que los menores utilizaran sin permiso una motocicleta Italika semiautom\u00e1tica de color azul, para luego impactarse con un veh\u00edculo tipo Versa.<\/span><\/p>\n<p>Afortunadamente no hubo perdidas graves, sino s\u00f3lo lesiones leves; as\u00ed como una crisis nerviosa en los menores<\/p>\n<p>Fuente: La \u00daltima Palabra<\/p>\n","protected":false},"excerpt":{"rendered":"<p>Cadereyta Jimenez, N.L.- La tarde de ayer unos menores de edad de entre 8 y 13 a\u00f1os de edad de la colonia Palmanova en su cruce de las calles Monza con Ambrosio en el municipio de Cadereyta sufrieron un percance vial despu\u00e9s de que los menores utilizaran sin permiso una motocicleta Italika semiautom\u00e1tica de color [&hellip;]<\/p>\n","protected":false},"author":9,"featured_media":23368,"comment_status":"closed","ping_status":"closed","sticky":false,"template":"","format":"standard","meta":{"footnotes":""},"categories":[17,8,9],"tags":[2747,3076],"class_list":["post-23367","post","type-post","status-publish","format-standard","has-post-thumbnail","hentry","category-locales-cadereyta","category-seguridad","category-seguridad-cadereyta","tag-accidentes-viales-cadereyta","tag-fuente-la-ultima-palabra"],"_links":{"self":[{"href":"https:\/\/laultimapalabra.com.mx\/portal\/wp-json\/wp\/v2\/posts\/23367","targetHints":{"allow":["GET"]}}],"collection":[{"href":"https:\/\/laultimapalabra.com.mx\/portal\/wp-json\/wp\/v2\/posts"}],"about":[{"href":"https:\/\/laultimapalabra.com.mx\/portal\/wp-json\/wp\/v2\/types\/post"}],"author":[{"embeddable":true,"href":"https:\/\/laultimapalabra.com.mx\/portal\/wp-json\/wp\/v2\/users\/9"}],"replies":[{"embeddable":true,"href":"https:\/\/laultimapalabra.com.mx\/portal\/wp-json\/wp\/v2\/comments?post=23367"}],"version-history":[{"count":2,"href":"https:\/\/laultimapalabra.com.mx\/portal\/wp-json\/wp\/v2\/posts\/23367\/revisions"}],"predecessor-version":[{"id":74540,"href":"https:\/\/laultimapalabra.com.mx\/portal\/wp-json\/wp\/v2\/posts\/23367\/revisions\/74540"}],"wp:featuredmedia":[{"embeddable":true,"href":"https:\/\/laultimapalabra.com.mx\/portal\/wp-json\/wp\/v2\/media\/23368"}],"wp:attachment":[{"href":"https:\/\/laultimapalabra.com.mx\/portal\/wp-json\/wp\/v2\/media?parent=23367"}],"wp:term":[{"taxonomy":"category","embeddable":true,"href":"https:\/\/laultimapalabra.com.mx\/portal\/wp-json\/wp\/v2\/categories?post=23367"},{"taxonomy":"post_tag","embeddable":true,"href":"https:\/\/laultimapalabra.com.mx\/portal\/wp-json\/wp\/v2\/tags?post=23367"}],"curies":[{"name":"wp","href":"https:\/\/api.w.org\/{rel}","templated":true}]}}