                       {"id":23421,"date":"2021-11-03T11:56:35","date_gmt":"2021-11-03T17:56:35","guid":{"rendered":"https:\/\/laultimapalabra.com.mx\/portal\/?p=23421"},"modified":"2024-12-11T10:15:58","modified_gmt":"2024-12-11T16:15:58","slug":"inician-capacitacion-para-proximas-guarderias-gerontologicas-en-juarez","status":"publish","type":"post","link":"https:\/\/laultimapalabra.com.mx\/portal\/inician-capacitacion-para-proximas-guarderias-gerontologicas-en-juarez\/","title":{"rendered":"Inician capacitaci\u00f3n para pr\u00f3ximas guarder\u00edas gerontol\u00f3gicas en Ju\u00e1rez\u00a0"},"content":{"rendered":"<p><span style=\"font-size: 1rem;\"><img loading=\"lazy\" decoding=\"async\" class=\"size-medium wp-image-23415 alignleft\" src=\"https:\/\/laultimapalabra.com.mx\/portal\/wp-content\/uploads\/2021\/11\/IMG-20211103-WA0011-300x169.jpg\" alt=\"\" width=\"300\" height=\"169\" srcset=\"https:\/\/laultimapalabra.com.mx\/portal\/wp-content\/uploads\/2021\/11\/IMG-20211103-WA0011-300x169.jpg 300w, https:\/\/laultimapalabra.com.mx\/portal\/wp-content\/uploads\/2021\/11\/IMG-20211103-WA0011-1024x576.jpg 1024w, https:\/\/laultimapalabra.com.mx\/portal\/wp-content\/uploads\/2021\/11\/IMG-20211103-WA0011-768x432.jpg 768w, https:\/\/laultimapalabra.com.mx\/portal\/wp-content\/uploads\/2021\/11\/IMG-20211103-WA0011-1536x864.jpg 1536w, https:\/\/laultimapalabra.com.mx\/portal\/wp-content\/uploads\/2021\/11\/IMG-20211103-WA0011.jpg 1599w\" sizes=\"auto, (max-width: 300px) 100vw, 300px\" \/>Ju\u00e1rez, N.L.- Tras la espera en la apertura de las pr\u00f3ximas guarder\u00edas para los adultos mayores en el municipio de Ju\u00e1rez, est\u00e1 ma\u00f1ana ante Leticia Guillermina Palomino Herrera, Procuradora de la Defensa del Adulto Mayor en el estado de Nuevo Le\u00f3n, se comenz\u00f3 la capacitaci\u00f3n para todo el personal que estar\u00e1 al frente de las guarder\u00edas gerontol\u00f3gicas, o bien guarder\u00edas para adultos mayores.\u00a0<\/span><\/p>\n<p>En el arranque de est\u00e1 capacitaci\u00f3n, estuvieron presentes el alcalde de Ju\u00e1rez, Paco Trevi\u00f1o; Adriana de la Garza, Presidenta del Dif Municipal; Maria Luisa Saucedo, directora de la misma dependencia y Gabriela Carre\u00f3n, directora de Adulto Mayor en Ju\u00e1rez.<\/p>\n<p>El objetivo es capacitar a todo el personal que recibir\u00e1 a los adultos mayores en esa Casa del Adulto Mayor, la cu\u00e1l cabe destacar que tiene unas instalaciones de primera, es amplia, funcional y cuenta con \u00e1rea de cocina, de recreo, de estar y un centro de rehabilitaci\u00f3n para los adultos mayores juarenses y est\u00e1 ubicada en la colonia Los Reyes.<\/p>\n<p>Fuente: La \u00daltima Palabra<\/p>\n","protected":false},"excerpt":{"rendered":"<p>Ju\u00e1rez, N.L.- Tras la espera en la apertura de las pr\u00f3ximas guarder\u00edas para los adultos mayores en el municipio de Ju\u00e1rez, est\u00e1 ma\u00f1ana ante Leticia Guillermina Palomino Herrera, Procuradora de la Defensa del Adulto Mayor en el estado de Nuevo Le\u00f3n, se comenz\u00f3 la capacitaci\u00f3n para todo el personal que estar\u00e1 al frente de las [&hellip;]<\/p>\n","protected":false},"author":9,"featured_media":23414,"comment_status":"closed","ping_status":"closed","sticky":false,"template":"","format":"standard","meta":{"footnotes":""},"categories":[18],"tags":[3334,3385,3204,1684],"class_list":["post-23421","post","type-post","status-publish","format-standard","has-post-thumbnail","hentry","category-locales-juarez","tag-adriana-de-la-garza-de-trevino","tag-casa-del-adulto-mayor-juarez","tag-fuente-gobierno-municipal-de-juarez","tag-paco-trevino"],"_links":{"self":[{"href":"https:\/\/laultimapalabra.com.mx\/portal\/wp-json\/wp\/v2\/posts\/23421","targetHints":{"allow":["GET"]}}],"collection":[{"href":"https:\/\/laultimapalabra.com.mx\/portal\/wp-json\/wp\/v2\/posts"}],"about":[{"href":"https:\/\/laultimapalabra.com.mx\/portal\/wp-json\/wp\/v2\/types\/post"}],"author":[{"embeddable":true,"href":"https:\/\/laultimapalabra.com.mx\/portal\/wp-json\/wp\/v2\/users\/9"}],"replies":[{"embeddable":true,"href":"https:\/\/laultimapalabra.com.mx\/portal\/wp-json\/wp\/v2\/comments?post=23421"}],"version-history":[{"count":2,"href":"https:\/\/laultimapalabra.com.mx\/portal\/wp-json\/wp\/v2\/posts\/23421\/revisions"}],"predecessor-version":[{"id":74564,"href":"https:\/\/laultimapalabra.com.mx\/portal\/wp-json\/wp\/v2\/posts\/23421\/revisions\/74564"}],"wp:featuredmedia":[{"embeddable":true,"href":"https:\/\/laultimapalabra.com.mx\/portal\/wp-json\/wp\/v2\/media\/23414"}],"wp:attachment":[{"href":"https:\/\/laultimapalabra.com.mx\/portal\/wp-json\/wp\/v2\/media?parent=23421"}],"wp:term":[{"taxonomy":"category","embeddable":true,"href":"https:\/\/laultimapalabra.com.mx\/portal\/wp-json\/wp\/v2\/categories?post=23421"},{"taxonomy":"post_tag","embeddable":true,"href":"https:\/\/laultimapalabra.com.mx\/portal\/wp-json\/wp\/v2\/tags?post=23421"}],"curies":[{"name":"wp","href":"https:\/\/api.w.org\/{rel}","templated":true}]}}