                       {"id":2348,"date":"2018-06-29T01:33:34","date_gmt":"2018-06-29T01:33:34","guid":{"rendered":"http:\/\/laultimapalabra.info\/?p=2348"},"modified":"2024-12-11T08:37:18","modified_gmt":"2024-12-11T14:37:18","slug":"llego-el-dia","status":"publish","type":"post","link":"https:\/\/laultimapalabra.com.mx\/portal\/llego-el-dia\/","title":{"rendered":"\u00a1Lleg\u00f3 el d\u00eda!"},"content":{"rendered":"<p style=\"text-align: left;\"><img loading=\"lazy\" decoding=\"async\" class=\"size-medium wp-image-2349 alignleft\" src=\"https:\/\/laultimapalabra.com.mx\/portal\/wp-content\/uploads\/2018\/06\/boleta-electoral-ine-214x300.jpg\" alt=\"\" width=\"214\" height=\"300\"><\/p>\n<p>Elegir\u00e1n 77,647 electores a quien gobierne este municipio los siguientes tres a\u00f1os<br \/>\nMiguel Oscar P\u00e9rez<br \/>\nCADEREYTA JIM\u00c9NEZ, N.L.-<br \/>\nTerminan las campa\u00f1as y en estos tres d\u00edas de veda electoral se preparan los ciudadanos y reflexionan su voto para quien gobernar\u00e1 tres a\u00f1os esta ciudad.<br \/>\nHay 77,647 credenciales de electores en la lista nominal de un total de 77,978 del padr\u00f3n electoral, preparadas para hacer uso del poder del ciudadano y elegir entre siete hombres y una mujer su nuevo gobernante municipal.<br \/>\nErnesto Quintanilla de la alianza PRI-Verde; Tenchis Garc\u00eda, aspirante por el PAN; Cosme Leal, de Morena; Sab\u00e1s Rene Tamez por Nueva Alianza; Gilberto Cardoza aspirante independiente; Ramiro Gonz\u00e1lez Candidato independiente; el profesor Juan Manuel Garza, contendiente independiente, Jos\u00e9 Moreno, Pepe Jochos son los ocho aspirantes, cinco partidos y tres independientes que se someter\u00e1n al juicio ciudadano.<br \/>\nDespu\u00e9s de dos meses de intensa guerra electoral, enmarcada con un debate donde no se vio un claro ganador, llegaron a la recta final quienes buscan suceder en el gobierno municipal al doctor Preciado.<br \/>\nCada uno de los candidatos busc\u00f3 en estos dos meses de proselitismo convencer con sus propuestas, visitas domiciliarias y eventos masivos las bondades de sus propuestas.<br \/>\nCon la mirada puesta en la inseguridad que prevalece en este municipio, cada uno tuvo la oportunidad de entregar sus estrategias de gobierno para disminuir los robos a casa habitaci\u00f3n y los delitos del fuero com\u00fan.<br \/>\nLos baches fue otra de la problem\u00e1tica que se toc\u00f3 en el debate y donde tambi\u00e9n cada uno de ellos pudo exponer las soluciones para abatir ese problema.<br \/>\nEl ataque a la corrupci\u00f3n fue uno de los temas que pocos se atrevieron a tocar y a combatir durante el \u00fanico debate efectuado por los candidatos jimenenses.<br \/>\nFueron suficientes para escuchar las propuestas de cada uno, dos meses intensos de trabajo, pero que para la gente le queda muy clara quien es su opci\u00f3n y por quien emitir\u00e1 su voto este domingo para lograr un cambio tan urgente y necesario para esta gran ciudad.<\/p>\n","protected":false},"excerpt":{"rendered":"<p>Elegir\u00e1n 77,647 electores a quien gobierne este municipio los siguientes tres a\u00f1os Miguel Oscar P\u00e9rez CADEREYTA JIM\u00c9NEZ, N.L.- Terminan las campa\u00f1as y en estos tres d\u00edas de veda electoral se preparan los ciudadanos y reflexionan su voto para quien gobernar\u00e1 tres a\u00f1os esta ciudad. Hay 77,647 credenciales de electores en la lista nominal de un [&hellip;]<\/p>\n","protected":false},"author":9,"featured_media":2350,"comment_status":"open","ping_status":"closed","sticky":false,"template":"","format":"standard","meta":{"footnotes":""},"categories":[17],"tags":[948],"class_list":["post-2348","post","type-post","status-publish","format-standard","has-post-thumbnail","hentry","category-locales-cadereyta","tag-elecciones-2018"],"_links":{"self":[{"href":"https:\/\/laultimapalabra.com.mx\/portal\/wp-json\/wp\/v2\/posts\/2348","targetHints":{"allow":["GET"]}}],"collection":[{"href":"https:\/\/laultimapalabra.com.mx\/portal\/wp-json\/wp\/v2\/posts"}],"about":[{"href":"https:\/\/laultimapalabra.com.mx\/portal\/wp-json\/wp\/v2\/types\/post"}],"author":[{"embeddable":true,"href":"https:\/\/laultimapalabra.com.mx\/portal\/wp-json\/wp\/v2\/users\/9"}],"replies":[{"embeddable":true,"href":"https:\/\/laultimapalabra.com.mx\/portal\/wp-json\/wp\/v2\/comments?post=2348"}],"version-history":[{"count":1,"href":"https:\/\/laultimapalabra.com.mx\/portal\/wp-json\/wp\/v2\/posts\/2348\/revisions"}],"predecessor-version":[{"id":64277,"href":"https:\/\/laultimapalabra.com.mx\/portal\/wp-json\/wp\/v2\/posts\/2348\/revisions\/64277"}],"wp:featuredmedia":[{"embeddable":true,"href":"https:\/\/laultimapalabra.com.mx\/portal\/wp-json\/"}],"wp:attachment":[{"href":"https:\/\/laultimapalabra.com.mx\/portal\/wp-json\/wp\/v2\/media?parent=2348"}],"wp:term":[{"taxonomy":"category","embeddable":true,"href":"https:\/\/laultimapalabra.com.mx\/portal\/wp-json\/wp\/v2\/categories?post=2348"},{"taxonomy":"post_tag","embeddable":true,"href":"https:\/\/laultimapalabra.com.mx\/portal\/wp-json\/wp\/v2\/tags?post=2348"}],"curies":[{"name":"wp","href":"https:\/\/api.w.org\/{rel}","templated":true}]}}