                       {"id":23484,"date":"2021-11-11T11:07:06","date_gmt":"2021-11-11T17:07:06","guid":{"rendered":"https:\/\/laultimapalabra.com.mx\/portal\/?p=23484"},"modified":"2024-12-11T10:16:00","modified_gmt":"2024-12-11T16:16:00","slug":"balean-uno-villas-de-san-francisco","status":"publish","type":"post","link":"https:\/\/laultimapalabra.com.mx\/portal\/balean-uno-villas-de-san-francisco\/","title":{"rendered":"Balean uno Villas de San Francisco"},"content":{"rendered":"<p><span style=\"font-size: 1rem;\"><img loading=\"lazy\" decoding=\"async\" class=\"size-medium wp-image-23486 alignleft\" src=\"https:\/\/laultimapalabra.com.mx\/portal\/wp-content\/uploads\/2021\/11\/IMG-20211110-WA0037-300x292.jpg\" alt=\"\" width=\"300\" height=\"292\" srcset=\"https:\/\/laultimapalabra.com.mx\/portal\/wp-content\/uploads\/2021\/11\/IMG-20211110-WA0037-300x292.jpg 300w, https:\/\/laultimapalabra.com.mx\/portal\/wp-content\/uploads\/2021\/11\/IMG-20211110-WA0037-768x747.jpg 768w, https:\/\/laultimapalabra.com.mx\/portal\/wp-content\/uploads\/2021\/11\/IMG-20211110-WA0037.jpg 880w\" sizes=\"auto, (max-width: 300px) 100vw, 300px\" \/>Ju\u00e1rez, N.L.- Un hombre fue baleado en extra\u00f1as circunstancias que son investigadas por la Agencia Estatal de Investigaciones en la colonia Villas de San Francisco en el municipio de Ju\u00e1rez alrededor de las 7:30 de la noche de ayer.\u00a0<\/span><\/p>\n<p>En el cruce de las calles San Patricio y San Francisco, result\u00f3 herido de bala Hugo Alberto Lara briones de 38 a\u00f1os de edad, quien es originario de San Luis Potos\u00ed.<\/p>\n<p>Lara Briones result\u00f3 lesionado en su pierna derecha y fue trasladado por una unidad de Protecci\u00f3n Civil de Ju\u00e1rez al hospital Universitario.<\/p>\n<p>Al lugar acudieron detectives de la Agencia Estatal de Investigaciones para iniciar las primeras indagatorias donde se destac\u00f3 que la v\u00edctima radica en Hacienda San Agust\u00edn, en Guadalupe, Nuevo Le\u00f3n.<\/p>\n<p>&nbsp;<\/p>\n","protected":false},"excerpt":{"rendered":"<p>Ju\u00e1rez, N.L.- Un hombre fue baleado en extra\u00f1as circunstancias que son investigadas por la Agencia Estatal de Investigaciones en la colonia Villas de San Francisco en el municipio de Ju\u00e1rez alrededor de las 7:30 de la noche de ayer.\u00a0 En el cruce de las calles San Patricio y San Francisco, result\u00f3 herido de bala Hugo [&hellip;]<\/p>\n","protected":false},"author":9,"featured_media":23485,"comment_status":"closed","ping_status":"closed","sticky":false,"template":"","format":"standard","meta":{"footnotes":""},"categories":[8,10],"tags":[3392,3076],"class_list":["post-23484","post","type-post","status-publish","format-standard","has-post-thumbnail","hentry","category-seguridad","category-seguridad-juarez","tag-agresiones-juarez","tag-fuente-la-ultima-palabra"],"_links":{"self":[{"href":"https:\/\/laultimapalabra.com.mx\/portal\/wp-json\/wp\/v2\/posts\/23484","targetHints":{"allow":["GET"]}}],"collection":[{"href":"https:\/\/laultimapalabra.com.mx\/portal\/wp-json\/wp\/v2\/posts"}],"about":[{"href":"https:\/\/laultimapalabra.com.mx\/portal\/wp-json\/wp\/v2\/types\/post"}],"author":[{"embeddable":true,"href":"https:\/\/laultimapalabra.com.mx\/portal\/wp-json\/wp\/v2\/users\/9"}],"replies":[{"embeddable":true,"href":"https:\/\/laultimapalabra.com.mx\/portal\/wp-json\/wp\/v2\/comments?post=23484"}],"version-history":[{"count":2,"href":"https:\/\/laultimapalabra.com.mx\/portal\/wp-json\/wp\/v2\/posts\/23484\/revisions"}],"predecessor-version":[{"id":74592,"href":"https:\/\/laultimapalabra.com.mx\/portal\/wp-json\/wp\/v2\/posts\/23484\/revisions\/74592"}],"wp:featuredmedia":[{"embeddable":true,"href":"https:\/\/laultimapalabra.com.mx\/portal\/wp-json\/wp\/v2\/media\/23485"}],"wp:attachment":[{"href":"https:\/\/laultimapalabra.com.mx\/portal\/wp-json\/wp\/v2\/media?parent=23484"}],"wp:term":[{"taxonomy":"category","embeddable":true,"href":"https:\/\/laultimapalabra.com.mx\/portal\/wp-json\/wp\/v2\/categories?post=23484"},{"taxonomy":"post_tag","embeddable":true,"href":"https:\/\/laultimapalabra.com.mx\/portal\/wp-json\/wp\/v2\/tags?post=23484"}],"curies":[{"name":"wp","href":"https:\/\/api.w.org\/{rel}","templated":true}]}}