                       {"id":23493,"date":"2021-11-11T11:23:26","date_gmt":"2021-11-11T17:23:26","guid":{"rendered":"https:\/\/laultimapalabra.com.mx\/portal\/?p=23493"},"modified":"2024-12-11T10:16:00","modified_gmt":"2024-12-11T16:16:00","slug":"deja-choque-de-crucero-danos-materiales-en-centro-de-cadereyta","status":"publish","type":"post","link":"https:\/\/laultimapalabra.com.mx\/portal\/deja-choque-de-crucero-danos-materiales-en-centro-de-cadereyta\/","title":{"rendered":"Deja choque de crucero da\u00f1os materiales en centro de Cadereyta\u00a0"},"content":{"rendered":"<p><span style=\"font-size: 1rem;\"><img loading=\"lazy\" decoding=\"async\" class=\"size-medium wp-image-23488 alignleft\" src=\"https:\/\/laultimapalabra.com.mx\/portal\/wp-content\/uploads\/2021\/11\/IMG-20211110-WA0040-300x169.jpg\" alt=\"\" width=\"300\" height=\"169\" srcset=\"https:\/\/laultimapalabra.com.mx\/portal\/wp-content\/uploads\/2021\/11\/IMG-20211110-WA0040-300x169.jpg 300w, https:\/\/laultimapalabra.com.mx\/portal\/wp-content\/uploads\/2021\/11\/IMG-20211110-WA0040-1024x576.jpg 1024w, https:\/\/laultimapalabra.com.mx\/portal\/wp-content\/uploads\/2021\/11\/IMG-20211110-WA0040-768x432.jpg 768w, https:\/\/laultimapalabra.com.mx\/portal\/wp-content\/uploads\/2021\/11\/IMG-20211110-WA0040-1536x864.jpg 1536w, https:\/\/laultimapalabra.com.mx\/portal\/wp-content\/uploads\/2021\/11\/IMG-20211110-WA0040.jpg 1600w\" sizes=\"auto, (max-width: 300px) 100vw, 300px\" \/>Cadereyta Jim\u00e9nez, N.L.- La noche de ayer aproximadamente a las 21:00 horas se suscit\u00f3 un choque de crucero en las calles Matamoros y Joaqu\u00edn Valle en el centro de Cadereyta.<\/span><\/p>\n<p>En el choque participaron un spark de color rojo y una Dodge Ram 700 tipo pick up, el conductor del spark quien solo fue identificado como Rigoberto, dijo haber hecho alto, pero no vio a la camioneta hasta impactarla en la parte trasera del lado derecho.<\/p>\n<p>El accidente afortunadamente qued\u00f3 sin lesionados con s\u00f3lo los da\u00f1os materiales del choque, acudiendo elementos de Tr\u00e1nsito Municipal para abanderar el lugar en la espera de los respectivos seguros.<\/p>\n<p>Fuente: La \u00daltima Palabra<\/p>\n","protected":false},"excerpt":{"rendered":"<p>Cadereyta Jim\u00e9nez, N.L.- La noche de ayer aproximadamente a las 21:00 horas se suscit\u00f3 un choque de crucero en las calles Matamoros y Joaqu\u00edn Valle en el centro de Cadereyta. En el choque participaron un spark de color rojo y una Dodge Ram 700 tipo pick up, el conductor del spark quien solo fue identificado [&hellip;]<\/p>\n","protected":false},"author":9,"featured_media":23487,"comment_status":"closed","ping_status":"closed","sticky":false,"template":"","format":"standard","meta":{"footnotes":""},"categories":[17],"tags":[551,3076],"class_list":["post-23493","post","type-post","status-publish","format-standard","has-post-thumbnail","hentry","category-locales-cadereyta","tag-choques-cadereyta","tag-fuente-la-ultima-palabra"],"_links":{"self":[{"href":"https:\/\/laultimapalabra.com.mx\/portal\/wp-json\/wp\/v2\/posts\/23493","targetHints":{"allow":["GET"]}}],"collection":[{"href":"https:\/\/laultimapalabra.com.mx\/portal\/wp-json\/wp\/v2\/posts"}],"about":[{"href":"https:\/\/laultimapalabra.com.mx\/portal\/wp-json\/wp\/v2\/types\/post"}],"author":[{"embeddable":true,"href":"https:\/\/laultimapalabra.com.mx\/portal\/wp-json\/wp\/v2\/users\/9"}],"replies":[{"embeddable":true,"href":"https:\/\/laultimapalabra.com.mx\/portal\/wp-json\/wp\/v2\/comments?post=23493"}],"version-history":[{"count":2,"href":"https:\/\/laultimapalabra.com.mx\/portal\/wp-json\/wp\/v2\/posts\/23493\/revisions"}],"predecessor-version":[{"id":74594,"href":"https:\/\/laultimapalabra.com.mx\/portal\/wp-json\/wp\/v2\/posts\/23493\/revisions\/74594"}],"wp:featuredmedia":[{"embeddable":true,"href":"https:\/\/laultimapalabra.com.mx\/portal\/wp-json\/wp\/v2\/media\/23487"}],"wp:attachment":[{"href":"https:\/\/laultimapalabra.com.mx\/portal\/wp-json\/wp\/v2\/media?parent=23493"}],"wp:term":[{"taxonomy":"category","embeddable":true,"href":"https:\/\/laultimapalabra.com.mx\/portal\/wp-json\/wp\/v2\/categories?post=23493"},{"taxonomy":"post_tag","embeddable":true,"href":"https:\/\/laultimapalabra.com.mx\/portal\/wp-json\/wp\/v2\/tags?post=23493"}],"curies":[{"name":"wp","href":"https:\/\/api.w.org\/{rel}","templated":true}]}}