                       {"id":23504,"date":"2021-11-11T14:34:46","date_gmt":"2021-11-11T20:34:46","guid":{"rendered":"https:\/\/laultimapalabra.com.mx\/portal\/?p=23504"},"modified":"2024-12-11T10:16:00","modified_gmt":"2024-12-11T16:16:00","slug":"hartos-de-los-robos-en-valle-del-roble","status":"publish","type":"post","link":"https:\/\/laultimapalabra.com.mx\/portal\/hartos-de-los-robos-en-valle-del-roble\/","title":{"rendered":"Hartos de los robos\u00a0 en Valle del Roble"},"content":{"rendered":"<p><span style=\"font-size: 1rem;\"><img loading=\"lazy\" decoding=\"async\" class=\"size-medium wp-image-23501 alignleft\" src=\"https:\/\/laultimapalabra.com.mx\/portal\/wp-content\/uploads\/2021\/11\/IMG-20211111-WA0113-300x174.jpg\" alt=\"\" width=\"300\" height=\"174\" srcset=\"https:\/\/laultimapalabra.com.mx\/portal\/wp-content\/uploads\/2021\/11\/IMG-20211111-WA0113-300x174.jpg 300w, https:\/\/laultimapalabra.com.mx\/portal\/wp-content\/uploads\/2021\/11\/IMG-20211111-WA0113.jpg 715w\" sizes=\"auto, (max-width: 300px) 100vw, 300px\" \/>Cadereyta Jim\u00e9nez, N.L.- Vecinos de la colonia Valle del Roble en Cadereyta se dijeron hartos de la ola de robos por parte de los amantes de lo ajeno que rondan los sectores de dicha colonia.<\/span><\/p>\n<p>Los inconformes enviaron estas im\u00e1genes grabadas por una c\u00e1mara de seguridad de un negocio de abarrotes en la calle Sicomoro del sector Fresno, donde se observa la huida de un ladr\u00f3n en bicicleta que huye al ver a un vecino, a quien identific\u00f3 como una de sus v\u00edctimas.<\/p>\n<p>Habitantes de este Sector entre otros, pr\u00e1cticamente tienen que estar en guardia toda la noche para evitar que les roben sus pertenencias dentro y fuera de su domicilio.<\/p>\n<p>Es muy espor\u00e1dico que se vea en el sector a una unidad de polic\u00eda haciendo rond\u00edn, cosa que aprovechan los ladrones amparados por la obscuridad que les prodiga la falta de luminarias encendidas.<\/p>\n<p>Fuente:La \u00daltima Palabra<\/p>\n","protected":false},"excerpt":{"rendered":"<p>Cadereyta Jim\u00e9nez, N.L.- Vecinos de la colonia Valle del Roble en Cadereyta se dijeron hartos de la ola de robos por parte de los amantes de lo ajeno que rondan los sectores de dicha colonia. Los inconformes enviaron estas im\u00e1genes grabadas por una c\u00e1mara de seguridad de un negocio de abarrotes en la calle Sicomoro [&hellip;]<\/p>\n","protected":false},"author":9,"featured_media":23502,"comment_status":"closed","ping_status":"closed","sticky":false,"template":"","format":"standard","meta":{"footnotes":""},"categories":[17,8,9],"tags":[3076,2039],"class_list":["post-23504","post","type-post","status-publish","format-standard","has-post-thumbnail","hentry","category-locales-cadereyta","category-seguridad","category-seguridad-cadereyta","tag-fuente-la-ultima-palabra","tag-robos-cadereyta"],"_links":{"self":[{"href":"https:\/\/laultimapalabra.com.mx\/portal\/wp-json\/wp\/v2\/posts\/23504","targetHints":{"allow":["GET"]}}],"collection":[{"href":"https:\/\/laultimapalabra.com.mx\/portal\/wp-json\/wp\/v2\/posts"}],"about":[{"href":"https:\/\/laultimapalabra.com.mx\/portal\/wp-json\/wp\/v2\/types\/post"}],"author":[{"embeddable":true,"href":"https:\/\/laultimapalabra.com.mx\/portal\/wp-json\/wp\/v2\/users\/9"}],"replies":[{"embeddable":true,"href":"https:\/\/laultimapalabra.com.mx\/portal\/wp-json\/wp\/v2\/comments?post=23504"}],"version-history":[{"count":2,"href":"https:\/\/laultimapalabra.com.mx\/portal\/wp-json\/wp\/v2\/posts\/23504\/revisions"}],"predecessor-version":[{"id":74600,"href":"https:\/\/laultimapalabra.com.mx\/portal\/wp-json\/wp\/v2\/posts\/23504\/revisions\/74600"}],"wp:featuredmedia":[{"embeddable":true,"href":"https:\/\/laultimapalabra.com.mx\/portal\/wp-json\/wp\/v2\/media\/23502"}],"wp:attachment":[{"href":"https:\/\/laultimapalabra.com.mx\/portal\/wp-json\/wp\/v2\/media?parent=23504"}],"wp:term":[{"taxonomy":"category","embeddable":true,"href":"https:\/\/laultimapalabra.com.mx\/portal\/wp-json\/wp\/v2\/categories?post=23504"},{"taxonomy":"post_tag","embeddable":true,"href":"https:\/\/laultimapalabra.com.mx\/portal\/wp-json\/wp\/v2\/tags?post=23504"}],"curies":[{"name":"wp","href":"https:\/\/api.w.org\/{rel}","templated":true}]}}