                       {"id":23519,"date":"2021-11-12T14:35:47","date_gmt":"2021-11-12T20:35:47","guid":{"rendered":"https:\/\/laultimapalabra.com.mx\/portal\/?p=23519"},"modified":"2024-12-11T10:16:01","modified_gmt":"2024-12-11T16:16:01","slug":"resulta-mujer-lesionada-en-choque-en-juarez","status":"publish","type":"post","link":"https:\/\/laultimapalabra.com.mx\/portal\/resulta-mujer-lesionada-en-choque-en-juarez\/","title":{"rendered":"Resulta mujer lesionada en choque en Ju\u00e1rez"},"content":{"rendered":"<p><span style=\"font-size: 1rem;\"><img loading=\"lazy\" decoding=\"async\" class=\"size-medium wp-image-23514 alignleft\" src=\"https:\/\/laultimapalabra.com.mx\/portal\/wp-content\/uploads\/2021\/11\/IMG-20211112-WA0004-300x169.jpg\" alt=\"\" width=\"300\" height=\"169\" srcset=\"https:\/\/laultimapalabra.com.mx\/portal\/wp-content\/uploads\/2021\/11\/IMG-20211112-WA0004-300x169.jpg 300w, https:\/\/laultimapalabra.com.mx\/portal\/wp-content\/uploads\/2021\/11\/IMG-20211112-WA0004-1024x576.jpg 1024w, https:\/\/laultimapalabra.com.mx\/portal\/wp-content\/uploads\/2021\/11\/IMG-20211112-WA0004-768x432.jpg 768w, https:\/\/laultimapalabra.com.mx\/portal\/wp-content\/uploads\/2021\/11\/IMG-20211112-WA0004-1536x864.jpg 1536w, https:\/\/laultimapalabra.com.mx\/portal\/wp-content\/uploads\/2021\/11\/IMG-20211112-WA0004.jpg 1600w\" sizes=\"auto, (max-width: 300px) 100vw, 300px\" \/>Ju\u00e1rez, N.L.- Una mujer result\u00f3 lesionada en la Carretera libre a Reynosa aproximadamente en el km 22 en el municipio de Ju\u00e1rez.\u00a0<\/span><\/p>\n<p>El vehiculo involucrado fue un beat Chevrolet que se sali\u00f3 de la carretera y brinca el camell\u00f3n; estrell\u00e1ndose con una palmera a unos metros del perif\u00e9rico.<\/p>\n<p>La conductora fue identificada como Maricela Garc\u00eda de 45 a\u00f1os y fue trasladada al Hospital con lesiones en cuello y cabeza.<\/p>\n<p>Al lugar de los hechos acudieron param\u00e9dicos de Protecci\u00f3n Civil de Ju\u00e1rez,\u00a0 PC Juarez y Vialidad y Tr\u00e1nsito Municipal, quien abanderaron el lugar y prestaron auxilio a la mujer.<\/p>\n<p>Fuente: La \u00daltima Palabra<\/p>\n","protected":false},"excerpt":{"rendered":"<p>Ju\u00e1rez, N.L.- Una mujer result\u00f3 lesionada en la Carretera libre a Reynosa aproximadamente en el km 22 en el municipio de Ju\u00e1rez.\u00a0 El vehiculo involucrado fue un beat Chevrolet que se sali\u00f3 de la carretera y brinca el camell\u00f3n; estrell\u00e1ndose con una palmera a unos metros del perif\u00e9rico. La conductora fue identificada como Maricela Garc\u00eda [&hellip;]<\/p>\n","protected":false},"author":9,"featured_media":23513,"comment_status":"closed","ping_status":"closed","sticky":false,"template":"","format":"standard","meta":{"footnotes":""},"categories":[18],"tags":[2965,3076],"class_list":["post-23519","post","type-post","status-publish","format-standard","has-post-thumbnail","hentry","category-locales-juarez","tag-accidentes-viales-juarez","tag-fuente-la-ultima-palabra"],"_links":{"self":[{"href":"https:\/\/laultimapalabra.com.mx\/portal\/wp-json\/wp\/v2\/posts\/23519","targetHints":{"allow":["GET"]}}],"collection":[{"href":"https:\/\/laultimapalabra.com.mx\/portal\/wp-json\/wp\/v2\/posts"}],"about":[{"href":"https:\/\/laultimapalabra.com.mx\/portal\/wp-json\/wp\/v2\/types\/post"}],"author":[{"embeddable":true,"href":"https:\/\/laultimapalabra.com.mx\/portal\/wp-json\/wp\/v2\/users\/9"}],"replies":[{"embeddable":true,"href":"https:\/\/laultimapalabra.com.mx\/portal\/wp-json\/wp\/v2\/comments?post=23519"}],"version-history":[{"count":2,"href":"https:\/\/laultimapalabra.com.mx\/portal\/wp-json\/wp\/v2\/posts\/23519\/revisions"}],"predecessor-version":[{"id":74608,"href":"https:\/\/laultimapalabra.com.mx\/portal\/wp-json\/wp\/v2\/posts\/23519\/revisions\/74608"}],"wp:featuredmedia":[{"embeddable":true,"href":"https:\/\/laultimapalabra.com.mx\/portal\/wp-json\/wp\/v2\/media\/23513"}],"wp:attachment":[{"href":"https:\/\/laultimapalabra.com.mx\/portal\/wp-json\/wp\/v2\/media?parent=23519"}],"wp:term":[{"taxonomy":"category","embeddable":true,"href":"https:\/\/laultimapalabra.com.mx\/portal\/wp-json\/wp\/v2\/categories?post=23519"},{"taxonomy":"post_tag","embeddable":true,"href":"https:\/\/laultimapalabra.com.mx\/portal\/wp-json\/wp\/v2\/tags?post=23519"}],"curies":[{"name":"wp","href":"https:\/\/api.w.org\/{rel}","templated":true}]}}