                       {"id":23533,"date":"2021-11-12T16:11:42","date_gmt":"2021-11-12T22:11:42","guid":{"rendered":"https:\/\/laultimapalabra.com.mx\/portal\/?p=23533"},"modified":"2024-12-11T10:16:01","modified_gmt":"2024-12-11T16:16:01","slug":"deja-choque-a-motociclista-lesionado","status":"publish","type":"post","link":"https:\/\/laultimapalabra.com.mx\/portal\/deja-choque-a-motociclista-lesionado\/","title":{"rendered":"Deja choque a motociclista lesionado\u00a0"},"content":{"rendered":"<p><span style=\"font-size: 1rem;\"><img loading=\"lazy\" decoding=\"async\" class=\"size-medium wp-image-23530 alignleft\" src=\"https:\/\/laultimapalabra.com.mx\/portal\/wp-content\/uploads\/2021\/11\/IMG-20211112-WA0048-300x169.jpg\" alt=\"\" width=\"300\" height=\"169\" srcset=\"https:\/\/laultimapalabra.com.mx\/portal\/wp-content\/uploads\/2021\/11\/IMG-20211112-WA0048-300x169.jpg 300w, https:\/\/laultimapalabra.com.mx\/portal\/wp-content\/uploads\/2021\/11\/IMG-20211112-WA0048-1024x576.jpg 1024w, https:\/\/laultimapalabra.com.mx\/portal\/wp-content\/uploads\/2021\/11\/IMG-20211112-WA0048-768x432.jpg 768w, https:\/\/laultimapalabra.com.mx\/portal\/wp-content\/uploads\/2021\/11\/IMG-20211112-WA0048.jpg 1280w\" sizes=\"auto, (max-width: 300px) 100vw, 300px\" \/>Cadereyta Jim\u00e9nez, N.L.- Un choque en la Carretera a Palmitos-Las Trancas en el Ejido Palmitos en Cadereyta dej\u00f3 un joven lesionado est\u00e1 tarde.\u00a0<\/span><\/p>\n<p>El accidente vial se dio entre una camioneta Nissan estaquitas y una moto kurazai 150, donde el conductor de la motocicleta identificado como Cristian de 19 a\u00f1os de edad result\u00f3 lesionado y fue trasladado al Hospital Universitario presuntamente grave por un golpe en la cabeza y raspones en la espalda y piernas.<\/p>\n<p>Al lugar de los hechos acudi\u00f3\u00a0 tr\u00e1nsito municipal, PC Cadereyta y paramedicos de Protecci\u00f3n Civil para dar el apoyo necesario en dicho accidente.<\/p>\n<p>Fuente: La \u00daltima Palabra<\/p>\n","protected":false},"excerpt":{"rendered":"<p>Cadereyta Jim\u00e9nez, N.L.- Un choque en la Carretera a Palmitos-Las Trancas en el Ejido Palmitos en Cadereyta dej\u00f3 un joven lesionado est\u00e1 tarde.\u00a0 El accidente vial se dio entre una camioneta Nissan estaquitas y una moto kurazai 150, donde el conductor de la motocicleta identificado como Cristian de 19 a\u00f1os de edad result\u00f3 lesionado y [&hellip;]<\/p>\n","protected":false},"author":9,"featured_media":23529,"comment_status":"closed","ping_status":"closed","sticky":false,"template":"","format":"standard","meta":{"footnotes":""},"categories":[17],"tags":[2747,3076],"class_list":["post-23533","post","type-post","status-publish","format-standard","has-post-thumbnail","hentry","category-locales-cadereyta","tag-accidentes-viales-cadereyta","tag-fuente-la-ultima-palabra"],"_links":{"self":[{"href":"https:\/\/laultimapalabra.com.mx\/portal\/wp-json\/wp\/v2\/posts\/23533","targetHints":{"allow":["GET"]}}],"collection":[{"href":"https:\/\/laultimapalabra.com.mx\/portal\/wp-json\/wp\/v2\/posts"}],"about":[{"href":"https:\/\/laultimapalabra.com.mx\/portal\/wp-json\/wp\/v2\/types\/post"}],"author":[{"embeddable":true,"href":"https:\/\/laultimapalabra.com.mx\/portal\/wp-json\/wp\/v2\/users\/9"}],"replies":[{"embeddable":true,"href":"https:\/\/laultimapalabra.com.mx\/portal\/wp-json\/wp\/v2\/comments?post=23533"}],"version-history":[{"count":2,"href":"https:\/\/laultimapalabra.com.mx\/portal\/wp-json\/wp\/v2\/posts\/23533\/revisions"}],"predecessor-version":[{"id":74614,"href":"https:\/\/laultimapalabra.com.mx\/portal\/wp-json\/wp\/v2\/posts\/23533\/revisions\/74614"}],"wp:featuredmedia":[{"embeddable":true,"href":"https:\/\/laultimapalabra.com.mx\/portal\/wp-json\/wp\/v2\/media\/23529"}],"wp:attachment":[{"href":"https:\/\/laultimapalabra.com.mx\/portal\/wp-json\/wp\/v2\/media?parent=23533"}],"wp:term":[{"taxonomy":"category","embeddable":true,"href":"https:\/\/laultimapalabra.com.mx\/portal\/wp-json\/wp\/v2\/categories?post=23533"},{"taxonomy":"post_tag","embeddable":true,"href":"https:\/\/laultimapalabra.com.mx\/portal\/wp-json\/wp\/v2\/tags?post=23533"}],"curies":[{"name":"wp","href":"https:\/\/api.w.org\/{rel}","templated":true}]}}