                       {"id":23537,"date":"2021-11-14T16:10:31","date_gmt":"2021-11-14T22:10:31","guid":{"rendered":"https:\/\/laultimapalabra.com.mx\/portal\/?p=23537"},"modified":"2024-12-11T10:16:01","modified_gmt":"2024-12-11T16:16:01","slug":"vuelca-remolque-con-diesel-en-juarez","status":"publish","type":"post","link":"https:\/\/laultimapalabra.com.mx\/portal\/vuelca-remolque-con-diesel-en-juarez\/","title":{"rendered":"Vuelca remolque con di\u00e9sel en Ju\u00e1rez\u00a0"},"content":{"rendered":"<p>&nbsp;<\/p>\n<p><span style=\"font-size: 1rem;\"><img loading=\"lazy\" decoding=\"async\" class=\"size-medium wp-image-23539 alignleft\" src=\"https:\/\/laultimapalabra.com.mx\/portal\/wp-content\/uploads\/2021\/11\/IMG-20211112-WA0155-300x169.jpg\" alt=\"\" width=\"300\" height=\"169\" srcset=\"https:\/\/laultimapalabra.com.mx\/portal\/wp-content\/uploads\/2021\/11\/IMG-20211112-WA0155-300x169.jpg 300w, https:\/\/laultimapalabra.com.mx\/portal\/wp-content\/uploads\/2021\/11\/IMG-20211112-WA0155-1024x576.jpg 1024w, https:\/\/laultimapalabra.com.mx\/portal\/wp-content\/uploads\/2021\/11\/IMG-20211112-WA0155-768x432.jpg 768w, https:\/\/laultimapalabra.com.mx\/portal\/wp-content\/uploads\/2021\/11\/IMG-20211112-WA0155.jpg 1280w\" sizes=\"auto, (max-width: 300px) 100vw, 300px\" \/>Ju\u00e1rez, N.L.- La tarde del pasado viernes alrededor de las 17:30 horas, se present\u00f3 la volcadura de un tracto cami\u00f3n que transportaba di\u00e9sel.<\/span><\/p>\n<p>Los hechos se dieron en la Autopista Monterrey-Reynosa en la curva de la salida del perif\u00e9rico, donde al ir circulando por dicha arteria, se le suelta un segundo remolque que transportaba el tracto cami\u00f3n de la l\u00ednea Carel Express S.A. de C.V y termin\u00f3 a un costado de la carpeta asf\u00e1ltica.<\/p>\n<p>No se reportaron personas heridas, ni afectaciones a otros veh\u00edculos s\u00f3lo el da\u00f1o al auto tanque.<\/p>\n<p>Al lugar acudieron elementos de Protecci\u00f3n Civil de Ju\u00e1rez, as\u00ed como Bomberos ante alg\u00fan conato de incendio; el cu\u00e1l afortunadamente no se present\u00f3.<\/p>\n<p>Fuente: La \u00daltima Palabra<\/p>\n","protected":false},"excerpt":{"rendered":"<p>&nbsp; Ju\u00e1rez, N.L.- La tarde del pasado viernes alrededor de las 17:30 horas, se present\u00f3 la volcadura de un tracto cami\u00f3n que transportaba di\u00e9sel. Los hechos se dieron en la Autopista Monterrey-Reynosa en la curva de la salida del perif\u00e9rico, donde al ir circulando por dicha arteria, se le suelta un segundo remolque que transportaba [&hellip;]<\/p>\n","protected":false},"author":9,"featured_media":23538,"comment_status":"closed","ping_status":"closed","sticky":false,"template":"","format":"standard","meta":{"footnotes":""},"categories":[18,8,10],"tags":[2965,3076],"class_list":["post-23537","post","type-post","status-publish","format-standard","has-post-thumbnail","hentry","category-locales-juarez","category-seguridad","category-seguridad-juarez","tag-accidentes-viales-juarez","tag-fuente-la-ultima-palabra"],"_links":{"self":[{"href":"https:\/\/laultimapalabra.com.mx\/portal\/wp-json\/wp\/v2\/posts\/23537","targetHints":{"allow":["GET"]}}],"collection":[{"href":"https:\/\/laultimapalabra.com.mx\/portal\/wp-json\/wp\/v2\/posts"}],"about":[{"href":"https:\/\/laultimapalabra.com.mx\/portal\/wp-json\/wp\/v2\/types\/post"}],"author":[{"embeddable":true,"href":"https:\/\/laultimapalabra.com.mx\/portal\/wp-json\/wp\/v2\/users\/9"}],"replies":[{"embeddable":true,"href":"https:\/\/laultimapalabra.com.mx\/portal\/wp-json\/wp\/v2\/comments?post=23537"}],"version-history":[{"count":2,"href":"https:\/\/laultimapalabra.com.mx\/portal\/wp-json\/wp\/v2\/posts\/23537\/revisions"}],"predecessor-version":[{"id":74616,"href":"https:\/\/laultimapalabra.com.mx\/portal\/wp-json\/wp\/v2\/posts\/23537\/revisions\/74616"}],"wp:featuredmedia":[{"embeddable":true,"href":"https:\/\/laultimapalabra.com.mx\/portal\/wp-json\/wp\/v2\/media\/23538"}],"wp:attachment":[{"href":"https:\/\/laultimapalabra.com.mx\/portal\/wp-json\/wp\/v2\/media?parent=23537"}],"wp:term":[{"taxonomy":"category","embeddable":true,"href":"https:\/\/laultimapalabra.com.mx\/portal\/wp-json\/wp\/v2\/categories?post=23537"},{"taxonomy":"post_tag","embeddable":true,"href":"https:\/\/laultimapalabra.com.mx\/portal\/wp-json\/wp\/v2\/tags?post=23537"}],"curies":[{"name":"wp","href":"https:\/\/api.w.org\/{rel}","templated":true}]}}