                       {"id":23584,"date":"2021-11-15T12:46:04","date_gmt":"2021-11-15T18:46:04","guid":{"rendered":"https:\/\/laultimapalabra.com.mx\/portal\/?p=23584"},"modified":"2024-12-11T10:16:02","modified_gmt":"2024-12-11T16:16:02","slug":"chocan-a-transito-en-cadereyta-y-los-detienen-en-allende","status":"publish","type":"post","link":"https:\/\/laultimapalabra.com.mx\/portal\/chocan-a-transito-en-cadereyta-y-los-detienen-en-allende\/","title":{"rendered":"Chocan a Tr\u00e1nsito en Cadereyta y los detienen en Allende"},"content":{"rendered":"<p><span style=\"font-size: 1rem;\"><img loading=\"lazy\" decoding=\"async\" class=\"size-medium wp-image-23547 alignleft\" src=\"https:\/\/laultimapalabra.com.mx\/portal\/wp-content\/uploads\/2021\/11\/IMG-20211113-WA0027-300x225.jpg\" alt=\"\" width=\"300\" height=\"225\" srcset=\"https:\/\/laultimapalabra.com.mx\/portal\/wp-content\/uploads\/2021\/11\/IMG-20211113-WA0027-300x225.jpg 300w, https:\/\/laultimapalabra.com.mx\/portal\/wp-content\/uploads\/2021\/11\/IMG-20211113-WA0027-1024x766.jpg 1024w, https:\/\/laultimapalabra.com.mx\/portal\/wp-content\/uploads\/2021\/11\/IMG-20211113-WA0027-768x575.jpg 768w, https:\/\/laultimapalabra.com.mx\/portal\/wp-content\/uploads\/2021\/11\/IMG-20211113-WA0027.jpg 1280w\" sizes=\"auto, (max-width: 300px) 100vw, 300px\" \/>Allende, N.L.-<\/span><span style=\"font-size: 1rem;\">Una persecuci\u00f3n fue la que se desat\u00f3 por parte de autoridades del municipio de Cadereyta quienes persiguieron a un tracto cami\u00f3n que hab\u00eda provocado un accidente vial por alcance y no se detuvo, siendo el afectado una unidad de tr\u00e1nsito municipal de Cadereyta el pasado s\u00e1bado alrededor de las 18:00 horas.\u00a0<\/span><\/p>\n<p>Fue el conductor y su acompa\u00f1ante detenidos por los elementos en la Carretera Cadereyta-Allende a la altura del puente los Sabinos, donde en conjunto con Polic\u00edas del vecino municipio de Allende se di\u00f3 la detenci\u00f3n de estos dos hombres.<\/p>\n<p>En el lugar qued\u00f3 con el vidrio del copiloto quebrado, el tracto cami\u00f3n de color blanco, de caja seca, de la L\u00ednea de transporte TIP, siendo asegurado por los elementos para las investigaciones correspondientes.<\/p>\n<p>Fuente: La \u00daltima Palabra<\/p>\n","protected":false},"excerpt":{"rendered":"<p>Allende, N.L.-Una persecuci\u00f3n fue la que se desat\u00f3 por parte de autoridades del municipio de Cadereyta quienes persiguieron a un tracto cami\u00f3n que hab\u00eda provocado un accidente vial por alcance y no se detuvo, siendo el afectado una unidad de tr\u00e1nsito municipal de Cadereyta el pasado s\u00e1bado alrededor de las 18:00 horas.\u00a0 Fue el conductor [&hellip;]<\/p>\n","protected":false},"author":9,"featured_media":23548,"comment_status":"closed","ping_status":"closed","sticky":false,"template":"","format":"standard","meta":{"footnotes":""},"categories":[17],"tags":[2747,3076],"class_list":["post-23584","post","type-post","status-publish","format-standard","has-post-thumbnail","hentry","category-locales-cadereyta","tag-accidentes-viales-cadereyta","tag-fuente-la-ultima-palabra"],"_links":{"self":[{"href":"https:\/\/laultimapalabra.com.mx\/portal\/wp-json\/wp\/v2\/posts\/23584","targetHints":{"allow":["GET"]}}],"collection":[{"href":"https:\/\/laultimapalabra.com.mx\/portal\/wp-json\/wp\/v2\/posts"}],"about":[{"href":"https:\/\/laultimapalabra.com.mx\/portal\/wp-json\/wp\/v2\/types\/post"}],"author":[{"embeddable":true,"href":"https:\/\/laultimapalabra.com.mx\/portal\/wp-json\/wp\/v2\/users\/9"}],"replies":[{"embeddable":true,"href":"https:\/\/laultimapalabra.com.mx\/portal\/wp-json\/wp\/v2\/comments?post=23584"}],"version-history":[{"count":2,"href":"https:\/\/laultimapalabra.com.mx\/portal\/wp-json\/wp\/v2\/posts\/23584\/revisions"}],"predecessor-version":[{"id":74626,"href":"https:\/\/laultimapalabra.com.mx\/portal\/wp-json\/wp\/v2\/posts\/23584\/revisions\/74626"}],"wp:featuredmedia":[{"embeddable":true,"href":"https:\/\/laultimapalabra.com.mx\/portal\/wp-json\/wp\/v2\/media\/23548"}],"wp:attachment":[{"href":"https:\/\/laultimapalabra.com.mx\/portal\/wp-json\/wp\/v2\/media?parent=23584"}],"wp:term":[{"taxonomy":"category","embeddable":true,"href":"https:\/\/laultimapalabra.com.mx\/portal\/wp-json\/wp\/v2\/categories?post=23584"},{"taxonomy":"post_tag","embeddable":true,"href":"https:\/\/laultimapalabra.com.mx\/portal\/wp-json\/wp\/v2\/tags?post=23584"}],"curies":[{"name":"wp","href":"https:\/\/api.w.org\/{rel}","templated":true}]}}