                       {"id":23590,"date":"2021-11-15T13:01:47","date_gmt":"2021-11-15T19:01:47","guid":{"rendered":"https:\/\/laultimapalabra.com.mx\/portal\/?p=23590"},"modified":"2024-12-11T10:16:02","modified_gmt":"2024-12-11T16:16:02","slug":"choque-deja-2-lesionados-en-juarez","status":"publish","type":"post","link":"https:\/\/laultimapalabra.com.mx\/portal\/choque-deja-2-lesionados-en-juarez\/","title":{"rendered":"Choque deja 2 lesionados en Ju\u00e1rez\u00a0"},"content":{"rendered":"<p><span style=\"font-size: 1rem;\"><img loading=\"lazy\" decoding=\"async\" class=\"size-medium wp-image-23574 alignleft\" src=\"https:\/\/laultimapalabra.com.mx\/portal\/wp-content\/uploads\/2021\/11\/IMG-20211114-WA0024-223x300.jpg\" alt=\"\" width=\"223\" height=\"300\" srcset=\"https:\/\/laultimapalabra.com.mx\/portal\/wp-content\/uploads\/2021\/11\/IMG-20211114-WA0024-223x300.jpg 223w, https:\/\/laultimapalabra.com.mx\/portal\/wp-content\/uploads\/2021\/11\/IMG-20211114-WA0024-760x1024.jpg 760w, https:\/\/laultimapalabra.com.mx\/portal\/wp-content\/uploads\/2021\/11\/IMG-20211114-WA0024-768x1034.jpg 768w, https:\/\/laultimapalabra.com.mx\/portal\/wp-content\/uploads\/2021\/11\/IMG-20211114-WA0024.jpg 900w\" sizes=\"auto, (max-width: 223px) 100vw, 223px\" \/>Ju\u00e1rez, N.L.- Dos personas lesionadas fue el saldo que dej\u00f3 un aparatoso accidente vial entre tres veh\u00edculos alrededor de las 21:30 horas de anoche, frente a la colonia Real de San Jos\u00e9 2do Sector, en el municipio de Ju\u00e1rez.\u00a0<\/span><\/p>\n<p>El percance ocurri\u00f3 sobre la avenida Te\u00f3filo Salinas Garza, en direcci\u00f3n al poniente, casi en su cruce con Real de San Francisco, a donde arribaron elementos de la Polic\u00eda municipal, as\u00ed como param\u00e9dicos, quienes trabajaron en la zona.<\/p>\n<p>Hasta el momento, se desconoce la identidad de los lesionados, as\u00ed como cu\u00e1ntos tripulantes viajaban en los tres veh\u00edculos afectados.<\/p>\n<p>Fuente: La \u00daltima Palabra<\/p>\n","protected":false},"excerpt":{"rendered":"<p>Ju\u00e1rez, N.L.- Dos personas lesionadas fue el saldo que dej\u00f3 un aparatoso accidente vial entre tres veh\u00edculos alrededor de las 21:30 horas de anoche, frente a la colonia Real de San Jos\u00e9 2do Sector, en el municipio de Ju\u00e1rez.\u00a0 El percance ocurri\u00f3 sobre la avenida Te\u00f3filo Salinas Garza, en direcci\u00f3n al poniente, casi en su [&hellip;]<\/p>\n","protected":false},"author":9,"featured_media":23572,"comment_status":"closed","ping_status":"closed","sticky":false,"template":"","format":"standard","meta":{"footnotes":""},"categories":[18],"tags":[2965,3076],"class_list":["post-23590","post","type-post","status-publish","format-standard","has-post-thumbnail","hentry","category-locales-juarez","tag-accidentes-viales-juarez","tag-fuente-la-ultima-palabra"],"_links":{"self":[{"href":"https:\/\/laultimapalabra.com.mx\/portal\/wp-json\/wp\/v2\/posts\/23590","targetHints":{"allow":["GET"]}}],"collection":[{"href":"https:\/\/laultimapalabra.com.mx\/portal\/wp-json\/wp\/v2\/posts"}],"about":[{"href":"https:\/\/laultimapalabra.com.mx\/portal\/wp-json\/wp\/v2\/types\/post"}],"author":[{"embeddable":true,"href":"https:\/\/laultimapalabra.com.mx\/portal\/wp-json\/wp\/v2\/users\/9"}],"replies":[{"embeddable":true,"href":"https:\/\/laultimapalabra.com.mx\/portal\/wp-json\/wp\/v2\/comments?post=23590"}],"version-history":[{"count":2,"href":"https:\/\/laultimapalabra.com.mx\/portal\/wp-json\/wp\/v2\/posts\/23590\/revisions"}],"predecessor-version":[{"id":74632,"href":"https:\/\/laultimapalabra.com.mx\/portal\/wp-json\/wp\/v2\/posts\/23590\/revisions\/74632"}],"wp:featuredmedia":[{"embeddable":true,"href":"https:\/\/laultimapalabra.com.mx\/portal\/wp-json\/wp\/v2\/media\/23572"}],"wp:attachment":[{"href":"https:\/\/laultimapalabra.com.mx\/portal\/wp-json\/wp\/v2\/media?parent=23590"}],"wp:term":[{"taxonomy":"category","embeddable":true,"href":"https:\/\/laultimapalabra.com.mx\/portal\/wp-json\/wp\/v2\/categories?post=23590"},{"taxonomy":"post_tag","embeddable":true,"href":"https:\/\/laultimapalabra.com.mx\/portal\/wp-json\/wp\/v2\/tags?post=23590"}],"curies":[{"name":"wp","href":"https:\/\/api.w.org\/{rel}","templated":true}]}}