                       {"id":2362,"date":"2018-07-06T00:36:41","date_gmt":"2018-07-06T00:36:41","guid":{"rendered":"http:\/\/laultimapalabra.info\/?p=2362"},"modified":"2024-12-11T08:37:18","modified_gmt":"2024-12-11T14:37:18","slug":"don-jesus-leal-garza-y-la-mexicana","status":"publish","type":"post","link":"https:\/\/laultimapalabra.com.mx\/portal\/don-jesus-leal-garza-y-la-mexicana\/","title":{"rendered":"Don Jes\u00fas Leal Garza\u2026. Y \u201cLa Mexicana\u201d"},"content":{"rendered":"<div id=\"attachment_2363\" style=\"width: 310px\" class=\"wp-caption alignleft\"><img loading=\"lazy\" decoding=\"async\" aria-describedby=\"caption-attachment-2363\" class=\"size-medium wp-image-2363\" src=\"https:\/\/laultimapalabra.com.mx\/portal\/wp-content\/uploads\/2018\/07\/3-copia-300x189.jpg\" alt=\"\" width=\"300\" height=\"189\" \/><p id=\"caption-attachment-2363\" class=\"wp-caption-text\">As\u00ed luc\u00edan las Jimeneces ropa fabricada en \u201cLa Mexicana\u201d<\/p><\/div>\n<p style=\"text-align: justify;\">Por: Dr. Jos\u00e9 Ascenci\u00f3n Tijerina Flores<br \/>\nEn fechas pasadas observamos la demolici\u00f3n de una antigua y bonita finca en el cruce de las calles Hidalgo y Progreso (antes 9\u00aa) en el centro de nuestra ciudad.<br \/>\nCon nostalgia recordamos esas casonas con tan basta historia, pero, bueno, es el paso de la modernidad lo que hace que sean desaparecidas sin piedad desgraciadamente. Actualmente ocupa ese lugar una conocida instituci\u00f3n bancaria.<br \/>\nEn los a\u00f1os 1935 \u2013 1940 hab\u00eda personajes en la localidad dedicados a la fabricaci\u00f3n de ropa, recordamos a Don Jes\u00fas Leal Garza quien con su hermana Carolina y su esposa Olivia Garza fundaron la f\u00e1brica de ropa y costura a la que dieron el nombre de \u201cLa Mexicana\u201d.<br \/>\nDon Jes\u00fas ya ten\u00eda un comercio establecido en esta su propiedad ubicada en esa direcci\u00f3n, surt\u00eda abarrotes y granos principalmente. No conforme y haciendo notar su empe\u00f1o y laboriosidad Don Jes\u00fas abri\u00f3 un nuevo negocio de fabricaci\u00f3n de ropa, pues su hermana tambi\u00e9n creativa como \u00e9l daba clases de costura en el pueblo, haciendo notar su gran talento en la fabricaci\u00f3n de prendas de vestir.<br \/>\nDado el \u00e9xito de este negocio, Don Jes\u00fas traslad\u00f3 el negocio a un nuevo domicilio, precisamente frente a la ubicaci\u00f3n anterior (Justo donde ahora se encuentra la logia mas\u00f3nica \u201cProgreso #10\u201d) tiempo despu\u00e9s en ese domicilio se ubicar\u00eda la secundaria Profr. Emilio Rodr\u00edguez Cort\u00e9z.<br \/>\n\u201cLa Mexicana\u201d hab\u00eda iniciado sus labores con una sola m\u00e1quina y unas cuantas empleadas que al paso del tiempo y buena administraci\u00f3n fue adquiriendo prestigio, m\u00e1s equipo y abundante personal.<br \/>\nEn \u201cLa Mexicana\u201d se elaboraba ropa t\u00edpica Mexicana que al ser distribuida y siendo del agrado de sus clientes lleg\u00f3 a ser exportada a los Estados Unidos (tal vez la primera industria exportadora de origen Jimenese).<br \/>\nEl material que surt\u00eda aquel negocio llegaba por ferrocarril de distintas ciudades del pa\u00eds: Pa\u00f1o para sacos, faldas y sombreros bordados con figuras seria la materia prima para la elaboraci\u00f3n de sus productos. Los sacos eran orleados con estambres, las faldas bordadas de chaquira y lentejuelas, como tambi\u00e9n los sombreros y algunas otras prendas.<br \/>\n\u201cA las empleadas se les pagaba 0.75 cents. la pieza, se trabajaba toda la semana en varios horarios y cada empleada ten\u00eda su especialidad (cortadoras, costureras, planchadoras etc. etc.\u201d)(Emma D. Montemayor).<br \/>\nAdem\u00e1s de Don Jes\u00fas su hermana y esposa laboraban tambi\u00e9n sus hijos Ermila y Jes\u00fas Leal Garza.<br \/>\nAlgunas de las primeras empleadas fueron las se\u00f1oritas Albeza Montemayor, Santitos Garza, Elmira Garza R\u00edos y Socorro Garza que se desempe\u00f1aban como \u201cbordadoras\u201d. Raquel Gonz\u00e1lez, Isabel Salda\u00f1a, y Felicitas Trevi\u00f1o eran las \u201cCortadoras\u201d. Consuelo Alvarado, Josefina Montalvo, Lucila Montemayor, Candelaria Tamez, Mar\u00eda Luisa y Rebeca Garza, Manuela D\u00edaz, Esthela Morales, Luz Leal como tambi\u00e9n Esthela Garza R\u00edos, Mar\u00eda Luisa, Graciela, Rebeca y Elvia Leal Montemayor, Carolina Garza y Emma Garza R\u00edos madre de la cronista adjunta de esta ciudad Emma Montemayor quien nos proporcionara estos interesantes datos.<br \/>\nDon Jes\u00fas Leal Garza hizo crecer su negocio a grado tal de ser de los primeros exportadores de productos Jimenences al extranjero, adem\u00e1s fue creador de una importante fuente de trabajo para Jimenenses que a\u00fan viven en nuestros recuerdos.<br \/>\n\u201cLa modernidad\u201d borra la im\u00e1genes, pero nunca borrara el recuerdo y la pasi\u00f3n\u201d (JAT).<br \/>\nDatos recabados del libro \u201cSemblanzas de una ciudad con historia\u201d y de la propia autora Emma Deyanira Montemayor Garza, cronista adjunta de Cadereyta Jimenez.<br \/>\nGracias.<\/p>\n<p style=\"text-align: justify;\">\n","protected":false},"excerpt":{"rendered":"<p>Por: Dr. Jos\u00e9 Ascenci\u00f3n Tijerina Flores En fechas pasadas observamos la demolici\u00f3n de una antigua y bonita finca en el cruce de las calles Hidalgo y Progreso (antes 9\u00aa) en el centro de nuestra ciudad. Con nostalgia recordamos esas casonas con tan basta historia, pero, bueno, es el paso de la modernidad lo que hace [&hellip;]<\/p>\n","protected":false},"author":9,"featured_media":2363,"comment_status":"open","ping_status":"closed","sticky":false,"template":"","format":"standard","meta":{"footnotes":""},"categories":[1],"tags":[879],"class_list":["post-2362","post","type-post","status-publish","format-standard","has-post-thumbnail","hentry","category-noticias","tag-dr-jose-ascencion-tijerina-flores"],"_links":{"self":[{"href":"https:\/\/laultimapalabra.com.mx\/portal\/wp-json\/wp\/v2\/posts\/2362","targetHints":{"allow":["GET"]}}],"collection":[{"href":"https:\/\/laultimapalabra.com.mx\/portal\/wp-json\/wp\/v2\/posts"}],"about":[{"href":"https:\/\/laultimapalabra.com.mx\/portal\/wp-json\/wp\/v2\/types\/post"}],"author":[{"embeddable":true,"href":"https:\/\/laultimapalabra.com.mx\/portal\/wp-json\/wp\/v2\/users\/9"}],"replies":[{"embeddable":true,"href":"https:\/\/laultimapalabra.com.mx\/portal\/wp-json\/wp\/v2\/comments?post=2362"}],"version-history":[{"count":1,"href":"https:\/\/laultimapalabra.com.mx\/portal\/wp-json\/wp\/v2\/posts\/2362\/revisions"}],"predecessor-version":[{"id":64283,"href":"https:\/\/laultimapalabra.com.mx\/portal\/wp-json\/wp\/v2\/posts\/2362\/revisions\/64283"}],"wp:featuredmedia":[{"embeddable":true,"href":"https:\/\/laultimapalabra.com.mx\/portal\/wp-json\/"}],"wp:attachment":[{"href":"https:\/\/laultimapalabra.com.mx\/portal\/wp-json\/wp\/v2\/media?parent=2362"}],"wp:term":[{"taxonomy":"category","embeddable":true,"href":"https:\/\/laultimapalabra.com.mx\/portal\/wp-json\/wp\/v2\/categories?post=2362"},{"taxonomy":"post_tag","embeddable":true,"href":"https:\/\/laultimapalabra.com.mx\/portal\/wp-json\/wp\/v2\/tags?post=2362"}],"curies":[{"name":"wp","href":"https:\/\/api.w.org\/{rel}","templated":true}]}}