                       {"id":23653,"date":"2021-11-17T12:47:54","date_gmt":"2021-11-17T18:47:54","guid":{"rendered":"https:\/\/laultimapalabra.com.mx\/portal\/?p=23653"},"modified":"2024-12-11T10:16:04","modified_gmt":"2024-12-11T16:16:04","slug":"arrastra-trasporte-a-camioneta-y-deja-cuatro-lesionados-en-cadereyta","status":"publish","type":"post","link":"https:\/\/laultimapalabra.com.mx\/portal\/arrastra-trasporte-a-camioneta-y-deja-cuatro-lesionados-en-cadereyta\/","title":{"rendered":"Arrastra trasporte a camioneta y deja cuatro lesionados en Cadereyta\u00a0"},"content":{"rendered":"<p><span style=\"font-size: 1rem;\"><img loading=\"lazy\" decoding=\"async\" class=\"size-medium wp-image-23641 alignleft\" src=\"https:\/\/laultimapalabra.com.mx\/portal\/wp-content\/uploads\/2021\/11\/IMG-20211116-WA0050-300x169.jpg\" alt=\"\" width=\"300\" height=\"169\" srcset=\"https:\/\/laultimapalabra.com.mx\/portal\/wp-content\/uploads\/2021\/11\/IMG-20211116-WA0050-300x169.jpg 300w, https:\/\/laultimapalabra.com.mx\/portal\/wp-content\/uploads\/2021\/11\/IMG-20211116-WA0050-1024x576.jpg 1024w, https:\/\/laultimapalabra.com.mx\/portal\/wp-content\/uploads\/2021\/11\/IMG-20211116-WA0050-768x432.jpg 768w, https:\/\/laultimapalabra.com.mx\/portal\/wp-content\/uploads\/2021\/11\/IMG-20211116-WA0050.jpg 1040w\" sizes=\"auto, (max-width: 300px) 100vw, 300px\" \/>Cadereyta Jim\u00e9nez, N.L.- La noche de ayer alrededor de las 20:30 horas un accidente vial se present\u00f3 en la Carretera Cadereyta-Allende en el km 05 donde choc\u00f3 un trasporte de los llamados El \u00c1lamo contra una camioneta Ford color rojo con blanco.\u00a0<\/span><\/p>\n<p>El siniestro se dio cuando la camioneta iba a ingresar a la entrada de San Bartolo y el cami\u00f3n iba rebasando, logrando impactarla por un costado; para despu\u00e9s arrastrarla alrededor de 30 metros, terminado fuera de la carpeta asf\u00e1ltica.<\/p>\n<p>El resultado del choque fueron cuatro lesionados que no fueron de gravedad, pero dos de ellos fueron trasladados uno a la cl\u00ednica del IMSS por golpes en el brazo y dolor en el cuello; y la otra, una mujer a la Cruz Verde por un ataque de ansiedad.<\/p>\n<p>Para apoyo y auxilio de los lesionados acudieron elementos de Servicios de Emergencia Cadereyta.<\/p>\n<p>Fuente: La \u00daltima Palabra<\/p>\n","protected":false},"excerpt":{"rendered":"<p>Cadereyta Jim\u00e9nez, N.L.- La noche de ayer alrededor de las 20:30 horas un accidente vial se present\u00f3 en la Carretera Cadereyta-Allende en el km 05 donde choc\u00f3 un trasporte de los llamados El \u00c1lamo contra una camioneta Ford color rojo con blanco.\u00a0 El siniestro se dio cuando la camioneta iba a ingresar a la entrada [&hellip;]<\/p>\n","protected":false},"author":9,"featured_media":23642,"comment_status":"closed","ping_status":"closed","sticky":false,"template":"","format":"standard","meta":{"footnotes":""},"categories":[17],"tags":[2747,3076],"class_list":["post-23653","post","type-post","status-publish","format-standard","has-post-thumbnail","hentry","category-locales-cadereyta","tag-accidentes-viales-cadereyta","tag-fuente-la-ultima-palabra"],"_links":{"self":[{"href":"https:\/\/laultimapalabra.com.mx\/portal\/wp-json\/wp\/v2\/posts\/23653","targetHints":{"allow":["GET"]}}],"collection":[{"href":"https:\/\/laultimapalabra.com.mx\/portal\/wp-json\/wp\/v2\/posts"}],"about":[{"href":"https:\/\/laultimapalabra.com.mx\/portal\/wp-json\/wp\/v2\/types\/post"}],"author":[{"embeddable":true,"href":"https:\/\/laultimapalabra.com.mx\/portal\/wp-json\/wp\/v2\/users\/9"}],"replies":[{"embeddable":true,"href":"https:\/\/laultimapalabra.com.mx\/portal\/wp-json\/wp\/v2\/comments?post=23653"}],"version-history":[{"count":2,"href":"https:\/\/laultimapalabra.com.mx\/portal\/wp-json\/wp\/v2\/posts\/23653\/revisions"}],"predecessor-version":[{"id":74662,"href":"https:\/\/laultimapalabra.com.mx\/portal\/wp-json\/wp\/v2\/posts\/23653\/revisions\/74662"}],"wp:featuredmedia":[{"embeddable":true,"href":"https:\/\/laultimapalabra.com.mx\/portal\/wp-json\/wp\/v2\/media\/23642"}],"wp:attachment":[{"href":"https:\/\/laultimapalabra.com.mx\/portal\/wp-json\/wp\/v2\/media?parent=23653"}],"wp:term":[{"taxonomy":"category","embeddable":true,"href":"https:\/\/laultimapalabra.com.mx\/portal\/wp-json\/wp\/v2\/categories?post=23653"},{"taxonomy":"post_tag","embeddable":true,"href":"https:\/\/laultimapalabra.com.mx\/portal\/wp-json\/wp\/v2\/tags?post=23653"}],"curies":[{"name":"wp","href":"https:\/\/api.w.org\/{rel}","templated":true}]}}