                       {"id":23688,"date":"2021-11-22T17:00:40","date_gmt":"2021-11-22T23:00:40","guid":{"rendered":"https:\/\/laultimapalabra.com.mx\/portal\/?p=23688"},"modified":"2024-12-11T10:16:04","modified_gmt":"2024-12-11T16:16:04","slug":"falta-de-iluminacion-provoca-choque-en-el-periferico","status":"publish","type":"post","link":"https:\/\/laultimapalabra.com.mx\/portal\/falta-de-iluminacion-provoca-choque-en-el-periferico\/","title":{"rendered":"Falta de iluminaci\u00f3n provoca choque en el perif\u00e9rico"},"content":{"rendered":"<p><span style=\"font-size: 1rem;\"><img loading=\"lazy\" decoding=\"async\" class=\"size-medium wp-image-23673 alignleft\" src=\"https:\/\/laultimapalabra.com.mx\/portal\/wp-content\/uploads\/2021\/11\/IMG-20211120-WA0062-300x169.jpg\" alt=\"\" width=\"300\" height=\"169\" srcset=\"https:\/\/laultimapalabra.com.mx\/portal\/wp-content\/uploads\/2021\/11\/IMG-20211120-WA0062-300x169.jpg 300w, https:\/\/laultimapalabra.com.mx\/portal\/wp-content\/uploads\/2021\/11\/IMG-20211120-WA0062-1024x576.jpg 1024w, https:\/\/laultimapalabra.com.mx\/portal\/wp-content\/uploads\/2021\/11\/IMG-20211120-WA0062-768x432.jpg 768w, https:\/\/laultimapalabra.com.mx\/portal\/wp-content\/uploads\/2021\/11\/IMG-20211120-WA0062-1536x864.jpg 1536w, https:\/\/laultimapalabra.com.mx\/portal\/wp-content\/uploads\/2021\/11\/IMG-20211120-WA0062.jpg 1600w\" sizes=\"auto, (max-width: 300px) 100vw, 300px\" \/>Cadereyta Jim\u00e9nez, N.L.- El pasado s\u00e1bado alrededor de las 10:30 PM\u00a0 se dio un accidente vial sobre el Perif\u00e9rico por el km 83, justo en la entrada y salida hacia El Castillo, en el municipio de Cadereyta, donde particip\u00f3 un cami\u00f3n de volteo y una camioneta Chevrolet en color verde que ven\u00edan circulando de sur a norte con direcci\u00f3n hacia Ju\u00e1rez.<\/span><\/p>\n<p>Los conductores no se percataron de la presencia de unos muros de contenci\u00f3n, y al pasar el cami\u00f3n de volteo se lleva uno de los muros; posteriormente al pasar la camioneta, tambi\u00e9n termina por impactarse en dichos muros de contenci\u00f3n.<\/p>\n<p>Los conductores externaron que la zona no est\u00e1 iluminada ni abanderada en ese carril, s\u00f3lo en direcci\u00f3n de Ju\u00e1rez hacia Montemorelos (hac\u00eda el Castillo).<\/p>\n<p>Afortunadamente no hubo lesionados, resultando s\u00f3lo en da\u00f1os materiales.<\/p>\n<p>El conductor del cami\u00f3n fue identificado como Tomas y el de la camioneta como Sa\u00fal Ramirez.<\/p>\n<p>Elementos de Fuerza Civil acudieron al llamado, ya que son quienes se encargan de la vigilancia en el Perif\u00e9rico y estuvieron a la espera de Tr\u00e1nsito Municipal para deslindar responsabilidades.<\/p>\n<p>FUENTE: La \u00daltima Palabra<\/p>\n","protected":false},"excerpt":{"rendered":"<p>Cadereyta Jim\u00e9nez, N.L.- El pasado s\u00e1bado alrededor de las 10:30 PM\u00a0 se dio un accidente vial sobre el Perif\u00e9rico por el km 83, justo en la entrada y salida hacia El Castillo, en el municipio de Cadereyta, donde particip\u00f3 un cami\u00f3n de volteo y una camioneta Chevrolet en color verde que ven\u00edan circulando de sur [&hellip;]<\/p>\n","protected":false},"author":9,"featured_media":23672,"comment_status":"closed","ping_status":"closed","sticky":false,"template":"","format":"standard","meta":{"footnotes":""},"categories":[17],"tags":[2747,3076],"class_list":["post-23688","post","type-post","status-publish","format-standard","has-post-thumbnail","hentry","category-locales-cadereyta","tag-accidentes-viales-cadereyta","tag-fuente-la-ultima-palabra"],"_links":{"self":[{"href":"https:\/\/laultimapalabra.com.mx\/portal\/wp-json\/wp\/v2\/posts\/23688","targetHints":{"allow":["GET"]}}],"collection":[{"href":"https:\/\/laultimapalabra.com.mx\/portal\/wp-json\/wp\/v2\/posts"}],"about":[{"href":"https:\/\/laultimapalabra.com.mx\/portal\/wp-json\/wp\/v2\/types\/post"}],"author":[{"embeddable":true,"href":"https:\/\/laultimapalabra.com.mx\/portal\/wp-json\/wp\/v2\/users\/9"}],"replies":[{"embeddable":true,"href":"https:\/\/laultimapalabra.com.mx\/portal\/wp-json\/wp\/v2\/comments?post=23688"}],"version-history":[{"count":2,"href":"https:\/\/laultimapalabra.com.mx\/portal\/wp-json\/wp\/v2\/posts\/23688\/revisions"}],"predecessor-version":[{"id":74670,"href":"https:\/\/laultimapalabra.com.mx\/portal\/wp-json\/wp\/v2\/posts\/23688\/revisions\/74670"}],"wp:featuredmedia":[{"embeddable":true,"href":"https:\/\/laultimapalabra.com.mx\/portal\/wp-json\/wp\/v2\/media\/23672"}],"wp:attachment":[{"href":"https:\/\/laultimapalabra.com.mx\/portal\/wp-json\/wp\/v2\/media?parent=23688"}],"wp:term":[{"taxonomy":"category","embeddable":true,"href":"https:\/\/laultimapalabra.com.mx\/portal\/wp-json\/wp\/v2\/categories?post=23688"},{"taxonomy":"post_tag","embeddable":true,"href":"https:\/\/laultimapalabra.com.mx\/portal\/wp-json\/wp\/v2\/tags?post=23688"}],"curies":[{"name":"wp","href":"https:\/\/api.w.org\/{rel}","templated":true}]}}