                       {"id":23825,"date":"2021-11-29T09:50:08","date_gmt":"2021-11-29T15:50:08","guid":{"rendered":"https:\/\/laultimapalabra.com.mx\/portal\/?p=23825"},"modified":"2024-12-11T11:15:52","modified_gmt":"2024-12-11T17:15:52","slug":"resulta-lesionado-en-choque-de-crucero-en-cadereyta","status":"publish","type":"post","link":"https:\/\/laultimapalabra.com.mx\/portal\/resulta-lesionado-en-choque-de-crucero-en-cadereyta\/","title":{"rendered":"Resulta lesionado en choque de crucero en Cadereyta"},"content":{"rendered":"<p><span style=\"font-size: 1rem;\"><img loading=\"lazy\" decoding=\"async\" class=\"size-medium wp-image-23826 alignleft\" src=\"https:\/\/laultimapalabra.com.mx\/portal\/wp-content\/uploads\/2021\/11\/IMG-20211129-WA0001-300x135.jpg\" alt=\"\" width=\"300\" height=\"135\" srcset=\"https:\/\/laultimapalabra.com.mx\/portal\/wp-content\/uploads\/2021\/11\/IMG-20211129-WA0001-300x135.jpg 300w, https:\/\/laultimapalabra.com.mx\/portal\/wp-content\/uploads\/2021\/11\/IMG-20211129-WA0001-1024x461.jpg 1024w, https:\/\/laultimapalabra.com.mx\/portal\/wp-content\/uploads\/2021\/11\/IMG-20211129-WA0001-768x346.jpg 768w, https:\/\/laultimapalabra.com.mx\/portal\/wp-content\/uploads\/2021\/11\/IMG-20211129-WA0001-1536x691.jpg 1536w, https:\/\/laultimapalabra.com.mx\/portal\/wp-content\/uploads\/2021\/11\/IMG-20211129-WA0001.jpg 1600w\" sizes=\"auto, (max-width: 300px) 100vw, 300px\" \/>Cadereyta Jim\u00e9nez, N.L.- Un choque de crucero que result\u00f3 con lesionados se dio el pasado viernes por la noche en la calle Zaragoza en su cruce con la calle Eugenio Serrano de la zona centro de Cadereyta.\u00a0<\/span><\/p>\n<p><span style=\"font-weight: 400;\">Siendo el responsable un veh\u00edculo marca\u00a0 Chevrolet<\/span><\/p>\n<p><span style=\"font-weight: 400;\">modelo 1998 tipo Buick con plancas de circulaci\u00f3n DKF-1042\u00a0 de TEXAS U.S.A. en color\u00a0 Gris, conducido por Marisol L. de 26 a\u00f1os de edad; mientras que el veh\u00edculo afectado fue un cami\u00f3n de pasajeros marca\u00a0 Mercedez Benz con placas de circulaci\u00f3n\u00a0 846HY8 S.P.F modelo\u00a0 2012 en color anaranjado\/blanco conducido por Juan Antonio P. de 50 a\u00f1os de edad.\u00a0<\/span><\/p>\n<p><span style=\"font-weight: 400;\">Los hechos se dieron cuando el veh\u00edculo responsable no hace el alto correspondiente en el cruce mencionado e impacta al cami\u00f3n de pasajeros, report\u00e1ndose un accidente vial con lesionados; siendo uno de estos el acompa\u00f1ante del conductor del vehiculo responsable; quien paso para su atencion medica a clinica 14 del I.M.S.S.\u00a0<\/span><\/p>\n<p><span style=\"font-weight: 400;\">Asimismo en el lugar resultaron da\u00f1os materiales como 5 metros aproximadamente de barandal de fierro propiedad de un domicilio ubicado en la calle Zaragoza.\u00a0<\/span><\/p>\n<p><span style=\"font-weight: 400;\">Asi como un poste de luz mercurial propiedad del Municipio de Cadereyta.\u00a0<\/span><\/p>\n<p><span style=\"font-size: 1rem;\">Fuente: La \u00daltima Palabra<\/span><\/p>\n<p>&nbsp;<\/p>\n","protected":false},"excerpt":{"rendered":"<p>Cadereyta Jim\u00e9nez, N.L.- Un choque de crucero que result\u00f3 con lesionados se dio el pasado viernes por la noche en la calle Zaragoza en su cruce con la calle Eugenio Serrano de la zona centro de Cadereyta.\u00a0 Siendo el responsable un veh\u00edculo marca\u00a0 Chevrolet modelo 1998 tipo Buick con plancas de circulaci\u00f3n DKF-1042\u00a0 de TEXAS [&hellip;]<\/p>\n","protected":false},"author":9,"featured_media":23827,"comment_status":"closed","ping_status":"closed","sticky":false,"template":"","format":"standard","meta":{"footnotes":""},"categories":[17],"tags":[2747,3076],"class_list":["post-23825","post","type-post","status-publish","format-standard","has-post-thumbnail","hentry","category-locales-cadereyta","tag-accidentes-viales-cadereyta","tag-fuente-la-ultima-palabra"],"_links":{"self":[{"href":"https:\/\/laultimapalabra.com.mx\/portal\/wp-json\/wp\/v2\/posts\/23825","targetHints":{"allow":["GET"]}}],"collection":[{"href":"https:\/\/laultimapalabra.com.mx\/portal\/wp-json\/wp\/v2\/posts"}],"about":[{"href":"https:\/\/laultimapalabra.com.mx\/portal\/wp-json\/wp\/v2\/types\/post"}],"author":[{"embeddable":true,"href":"https:\/\/laultimapalabra.com.mx\/portal\/wp-json\/wp\/v2\/users\/9"}],"replies":[{"embeddable":true,"href":"https:\/\/laultimapalabra.com.mx\/portal\/wp-json\/wp\/v2\/comments?post=23825"}],"version-history":[{"count":2,"href":"https:\/\/laultimapalabra.com.mx\/portal\/wp-json\/wp\/v2\/posts\/23825\/revisions"}],"predecessor-version":[{"id":74695,"href":"https:\/\/laultimapalabra.com.mx\/portal\/wp-json\/wp\/v2\/posts\/23825\/revisions\/74695"}],"wp:featuredmedia":[{"embeddable":true,"href":"https:\/\/laultimapalabra.com.mx\/portal\/wp-json\/wp\/v2\/media\/23827"}],"wp:attachment":[{"href":"https:\/\/laultimapalabra.com.mx\/portal\/wp-json\/wp\/v2\/media?parent=23825"}],"wp:term":[{"taxonomy":"category","embeddable":true,"href":"https:\/\/laultimapalabra.com.mx\/portal\/wp-json\/wp\/v2\/categories?post=23825"},{"taxonomy":"post_tag","embeddable":true,"href":"https:\/\/laultimapalabra.com.mx\/portal\/wp-json\/wp\/v2\/tags?post=23825"}],"curies":[{"name":"wp","href":"https:\/\/api.w.org\/{rel}","templated":true}]}}