                       {"id":23854,"date":"2021-11-30T13:01:23","date_gmt":"2021-11-30T19:01:23","guid":{"rendered":"https:\/\/laultimapalabra.com.mx\/portal\/?p=23854"},"modified":"2024-12-11T11:15:52","modified_gmt":"2024-12-11T17:15:52","slug":"ejecutan-a-joven-en-centro-de-cadereyta","status":"publish","type":"post","link":"https:\/\/laultimapalabra.com.mx\/portal\/ejecutan-a-joven-en-centro-de-cadereyta\/","title":{"rendered":"Ejecutan a joven en centro de Cadereyta\u00a0"},"content":{"rendered":"<p><span style=\"font-size: 1rem;\"><img loading=\"lazy\" decoding=\"async\" class=\"size-medium wp-image-23857 alignleft\" src=\"https:\/\/laultimapalabra.com.mx\/portal\/wp-content\/uploads\/2021\/11\/IMG-20211129-WA0042-300x169.jpg\" alt=\"\" width=\"300\" height=\"169\" srcset=\"https:\/\/laultimapalabra.com.mx\/portal\/wp-content\/uploads\/2021\/11\/IMG-20211129-WA0042-300x169.jpg 300w, https:\/\/laultimapalabra.com.mx\/portal\/wp-content\/uploads\/2021\/11\/IMG-20211129-WA0042-1024x576.jpg 1024w, https:\/\/laultimapalabra.com.mx\/portal\/wp-content\/uploads\/2021\/11\/IMG-20211129-WA0042-768x432.jpg 768w, https:\/\/laultimapalabra.com.mx\/portal\/wp-content\/uploads\/2021\/11\/IMG-20211129-WA0042.jpg 1040w\" sizes=\"auto, (max-width: 300px) 100vw, 300px\" \/>Cadereyta Jimenez, N.L.- La noche de ayer alrededor de las 21:00 horas se dio la ejecuci\u00f3n de un joven sobre la calle Abasolo casi en su cruce con 05 de mayo en la zona centro de Cadereyta.<\/span><\/p>\n<p>Seg\u00fan las investigaciones el joven ejecutado a balazos fue ultimado al parecer por dos hombres quienes viajaban a bordo de una motocicleta, y lo atacaron a \u00e9l y a un acompa\u00f1ante que logr\u00f3 escapar.<\/p>\n<p>El ahora occiso presentaba al menos un impacto de bala, y aunque Servicios de Emergencia Cadereyta acudieron al lugar de los hechos, nada pudieron hacer pues el joven muri\u00f3 de manera instant\u00e1nea.<\/p>\n<p>A cargo de las investigaciones estuvieron polic\u00edas municipales de Cadereyta y de Fuerza Civil.<\/p>\n<p>Fuente: La \u00daltima Palabra<\/p>\n","protected":false},"excerpt":{"rendered":"<p>Cadereyta Jimenez, N.L.- La noche de ayer alrededor de las 21:00 horas se dio la ejecuci\u00f3n de un joven sobre la calle Abasolo casi en su cruce con 05 de mayo en la zona centro de Cadereyta. Seg\u00fan las investigaciones el joven ejecutado a balazos fue ultimado al parecer por dos hombres quienes viajaban a [&hellip;]<\/p>\n","protected":false},"author":9,"featured_media":0,"comment_status":"closed","ping_status":"closed","sticky":false,"template":"","format":"standard","meta":{"footnotes":""},"categories":[8,9],"tags":[913,3076],"class_list":["post-23854","post","type-post","status-publish","format-standard","hentry","category-seguridad","category-seguridad-cadereyta","tag-ejecuciones-cadereyta","tag-fuente-la-ultima-palabra"],"_links":{"self":[{"href":"https:\/\/laultimapalabra.com.mx\/portal\/wp-json\/wp\/v2\/posts\/23854","targetHints":{"allow":["GET"]}}],"collection":[{"href":"https:\/\/laultimapalabra.com.mx\/portal\/wp-json\/wp\/v2\/posts"}],"about":[{"href":"https:\/\/laultimapalabra.com.mx\/portal\/wp-json\/wp\/v2\/types\/post"}],"author":[{"embeddable":true,"href":"https:\/\/laultimapalabra.com.mx\/portal\/wp-json\/wp\/v2\/users\/9"}],"replies":[{"embeddable":true,"href":"https:\/\/laultimapalabra.com.mx\/portal\/wp-json\/wp\/v2\/comments?post=23854"}],"version-history":[{"count":2,"href":"https:\/\/laultimapalabra.com.mx\/portal\/wp-json\/wp\/v2\/posts\/23854\/revisions"}],"predecessor-version":[{"id":74705,"href":"https:\/\/laultimapalabra.com.mx\/portal\/wp-json\/wp\/v2\/posts\/23854\/revisions\/74705"}],"wp:attachment":[{"href":"https:\/\/laultimapalabra.com.mx\/portal\/wp-json\/wp\/v2\/media?parent=23854"}],"wp:term":[{"taxonomy":"category","embeddable":true,"href":"https:\/\/laultimapalabra.com.mx\/portal\/wp-json\/wp\/v2\/categories?post=23854"},{"taxonomy":"post_tag","embeddable":true,"href":"https:\/\/laultimapalabra.com.mx\/portal\/wp-json\/wp\/v2\/tags?post=23854"}],"curies":[{"name":"wp","href":"https:\/\/api.w.org\/{rel}","templated":true}]}}