                       {"id":2386,"date":"2018-07-06T01:33:35","date_gmt":"2018-07-06T01:33:35","guid":{"rendered":"http:\/\/laultimapalabra.info\/?p=2386"},"modified":"2024-12-11T08:37:19","modified_gmt":"2024-12-11T14:37:19","slug":"vuelven-la-sonrisa-a-ninos-jimenenses","status":"publish","type":"post","link":"https:\/\/laultimapalabra.com.mx\/portal\/vuelven-la-sonrisa-a-ninos-jimenenses\/","title":{"rendered":"Vuelven la sonrisa a ni\u00f1os jimenenses"},"content":{"rendered":"<p style=\"text-align: justify;\"><img loading=\"lazy\" decoding=\"async\" class=\"size-medium wp-image-2374 alignleft\" src=\"https:\/\/laultimapalabra.com.mx\/portal\/wp-content\/uploads\/2018\/07\/4.1-DIF-CAMPA\u00d1A-LABIO-LEPORINO-300x200.jpg\" alt=\"\" width=\"300\" height=\"200\" \/>\u201cOperation Smile\u201d opera a ni\u00f1os con labio leporino<br \/>\nCADEREYTA JIM\u00c9NEZ, N.L.-<br \/>\nA trav\u00e9s de la buena coordinaci\u00f3n entre Sistema DIF Cadereyta y DIF Nuevo Le\u00f3n, fue posible apoyar a dos menores de 5 y 7 a\u00f1os respectivamente, quienes viven en nuestro municipio, y los cuales requer\u00edan una cirug\u00eda para la correcci\u00f3n de labio leporino, beneficiando su salud y autoestima.<br \/>\nDentro del programa de cirug\u00edas gratuitas \u201cOperation Smile\u201d del Hospital \u201cChristhus Muguerza\u201d de Monterrey, se atendieron los pacientes para su valoraci\u00f3n m\u00e9dica en el mes de junio para determinar los candidatos a la cirug\u00eda, por lo que DIF Municipal se encarg\u00f3 de su traslado y acompa\u00f1amiento.<br \/>\nEs importante resaltar que estas intervenciones fueron gratuitas, siendo de gran beneficio ya que \u00e9stas tienen un costo aproximado de 100 mil pesos en hospitales particulares.<br \/>\nPersonal del DIF Municipal traslad\u00f3 a la ciudad de Monterrey a los menores y a sus familiares en todo el proceso, desde la valoraci\u00f3n hasta la cirug\u00eda, la cual se llev\u00f3 a cabo el d\u00eda 21 de junio siendo todo un \u00e9xito.<\/p>\n","protected":false},"excerpt":{"rendered":"<p>\u201cOperation Smile\u201d opera a ni\u00f1os con labio leporino CADEREYTA JIM\u00c9NEZ, N.L.- A trav\u00e9s de la buena coordinaci\u00f3n entre Sistema DIF Cadereyta y DIF Nuevo Le\u00f3n, fue posible apoyar a dos menores de 5 y 7 a\u00f1os respectivamente, quienes viven en nuestro municipio, y los cuales requer\u00edan una cirug\u00eda para la correcci\u00f3n de labio leporino, beneficiando [&hellip;]<\/p>\n","protected":false},"author":9,"featured_media":2374,"comment_status":"open","ping_status":"closed","sticky":false,"template":"","format":"standard","meta":{"footnotes":""},"categories":[17],"tags":[850,1735,2080],"class_list":["post-2386","post","type-post","status-publish","format-standard","has-post-thumbnail","hentry","category-locales-cadereyta","tag-dif-cadereyta","tag-patricia-retta-de-preciado","tag-santiago"],"_links":{"self":[{"href":"https:\/\/laultimapalabra.com.mx\/portal\/wp-json\/wp\/v2\/posts\/2386","targetHints":{"allow":["GET"]}}],"collection":[{"href":"https:\/\/laultimapalabra.com.mx\/portal\/wp-json\/wp\/v2\/posts"}],"about":[{"href":"https:\/\/laultimapalabra.com.mx\/portal\/wp-json\/wp\/v2\/types\/post"}],"author":[{"embeddable":true,"href":"https:\/\/laultimapalabra.com.mx\/portal\/wp-json\/wp\/v2\/users\/9"}],"replies":[{"embeddable":true,"href":"https:\/\/laultimapalabra.com.mx\/portal\/wp-json\/wp\/v2\/comments?post=2386"}],"version-history":[{"count":1,"href":"https:\/\/laultimapalabra.com.mx\/portal\/wp-json\/wp\/v2\/posts\/2386\/revisions"}],"predecessor-version":[{"id":64297,"href":"https:\/\/laultimapalabra.com.mx\/portal\/wp-json\/wp\/v2\/posts\/2386\/revisions\/64297"}],"wp:featuredmedia":[{"embeddable":true,"href":"https:\/\/laultimapalabra.com.mx\/portal\/wp-json\/"}],"wp:attachment":[{"href":"https:\/\/laultimapalabra.com.mx\/portal\/wp-json\/wp\/v2\/media?parent=2386"}],"wp:term":[{"taxonomy":"category","embeddable":true,"href":"https:\/\/laultimapalabra.com.mx\/portal\/wp-json\/wp\/v2\/categories?post=2386"},{"taxonomy":"post_tag","embeddable":true,"href":"https:\/\/laultimapalabra.com.mx\/portal\/wp-json\/wp\/v2\/tags?post=2386"}],"curies":[{"name":"wp","href":"https:\/\/api.w.org\/{rel}","templated":true}]}}