                       {"id":23917,"date":"2021-12-02T10:19:41","date_gmt":"2021-12-02T16:19:41","guid":{"rendered":"https:\/\/laultimapalabra.com.mx\/portal\/?p=23917"},"modified":"2024-12-11T11:15:52","modified_gmt":"2024-12-11T17:15:52","slug":"impacta-camioneta-a-grua-en-la-reynosa","status":"publish","type":"post","link":"https:\/\/laultimapalabra.com.mx\/portal\/impacta-camioneta-a-grua-en-la-reynosa\/","title":{"rendered":"Impacta camioneta a gr\u00faa en la Reynosa"},"content":{"rendered":"<p><span style=\"font-size: 1rem;\"><img loading=\"lazy\" decoding=\"async\" class=\"size-medium wp-image-23919 alignleft\" src=\"https:\/\/laultimapalabra.com.mx\/portal\/wp-content\/uploads\/2021\/12\/IMG-20211201-WA0055-300x166.jpg\" alt=\"\" width=\"300\" height=\"166\" srcset=\"https:\/\/laultimapalabra.com.mx\/portal\/wp-content\/uploads\/2021\/12\/IMG-20211201-WA0055-300x166.jpg 300w, https:\/\/laultimapalabra.com.mx\/portal\/wp-content\/uploads\/2021\/12\/IMG-20211201-WA0055.jpg 720w\" sizes=\"auto, (max-width: 300px) 100vw, 300px\" \/>Cadereyta Jim\u00e9nez, N.L.- Un accidente vial sin lesionados se di\u00f3 la tarde de ayer sobre la Carretera libre a Reynosa aproximadamente en el km 25 a unos metros de la entrada a la colonia Palmanova del municipio de Cadereyta.<\/span><\/p>\n<p>En el percance vial donde particip\u00f3 una camioneta Ford tipo caja seca de la compa\u00f1\u00eda Saga.Inc y una camioneta de las gr\u00faas Blanca, afortunadamente no hubo lesionados graves; esto despu\u00e9s de que la gr\u00faa di\u00f3 una vuelta prohibida en U y fue impactada por la camioneta Ford por un costado, da\u00f1andole todo el frente.<\/p>\n<p>Al lugar de los hechos acudieron elementos de Tr\u00e1nsito Municipal de Cadereyta para las investigaciones pertinentes.<\/p>\n<p>Fuente: La \u00daltima Palabra<\/p>\n","protected":false},"excerpt":{"rendered":"<p>Cadereyta Jim\u00e9nez, N.L.- Un accidente vial sin lesionados se di\u00f3 la tarde de ayer sobre la Carretera libre a Reynosa aproximadamente en el km 25 a unos metros de la entrada a la colonia Palmanova del municipio de Cadereyta. En el percance vial donde particip\u00f3 una camioneta Ford tipo caja seca de la compa\u00f1\u00eda Saga.Inc [&hellip;]<\/p>\n","protected":false},"author":9,"featured_media":23918,"comment_status":"closed","ping_status":"closed","sticky":false,"template":"","format":"standard","meta":{"footnotes":""},"categories":[17],"tags":[2747,3076],"class_list":["post-23917","post","type-post","status-publish","format-standard","has-post-thumbnail","hentry","category-locales-cadereyta","tag-accidentes-viales-cadereyta","tag-fuente-la-ultima-palabra"],"_links":{"self":[{"href":"https:\/\/laultimapalabra.com.mx\/portal\/wp-json\/wp\/v2\/posts\/23917","targetHints":{"allow":["GET"]}}],"collection":[{"href":"https:\/\/laultimapalabra.com.mx\/portal\/wp-json\/wp\/v2\/posts"}],"about":[{"href":"https:\/\/laultimapalabra.com.mx\/portal\/wp-json\/wp\/v2\/types\/post"}],"author":[{"embeddable":true,"href":"https:\/\/laultimapalabra.com.mx\/portal\/wp-json\/wp\/v2\/users\/9"}],"replies":[{"embeddable":true,"href":"https:\/\/laultimapalabra.com.mx\/portal\/wp-json\/wp\/v2\/comments?post=23917"}],"version-history":[{"count":2,"href":"https:\/\/laultimapalabra.com.mx\/portal\/wp-json\/wp\/v2\/posts\/23917\/revisions"}],"predecessor-version":[{"id":74729,"href":"https:\/\/laultimapalabra.com.mx\/portal\/wp-json\/wp\/v2\/posts\/23917\/revisions\/74729"}],"wp:featuredmedia":[{"embeddable":true,"href":"https:\/\/laultimapalabra.com.mx\/portal\/wp-json\/wp\/v2\/media\/23918"}],"wp:attachment":[{"href":"https:\/\/laultimapalabra.com.mx\/portal\/wp-json\/wp\/v2\/media?parent=23917"}],"wp:term":[{"taxonomy":"category","embeddable":true,"href":"https:\/\/laultimapalabra.com.mx\/portal\/wp-json\/wp\/v2\/categories?post=23917"},{"taxonomy":"post_tag","embeddable":true,"href":"https:\/\/laultimapalabra.com.mx\/portal\/wp-json\/wp\/v2\/tags?post=23917"}],"curies":[{"name":"wp","href":"https:\/\/api.w.org\/{rel}","templated":true}]}}