                       {"id":23947,"date":"2021-12-03T14:13:04","date_gmt":"2021-12-03T20:13:04","guid":{"rendered":"https:\/\/laultimapalabra.com.mx\/portal\/?p=23947"},"modified":"2024-12-11T11:15:53","modified_gmt":"2024-12-11T17:15:53","slug":"resulta-bebe-lesionado-en-choque-frotal-en-el-centro-de-cadereyta","status":"publish","type":"post","link":"https:\/\/laultimapalabra.com.mx\/portal\/resulta-bebe-lesionado-en-choque-frotal-en-el-centro-de-cadereyta\/","title":{"rendered":"Resulta beb\u00e9 lesionado en choque frotal en el centro de Cadereyta\u00a0"},"content":{"rendered":"<p><span style=\"font-size: 1rem;\"><img loading=\"lazy\" decoding=\"async\" class=\"size-medium wp-image-23948 alignleft\" src=\"https:\/\/laultimapalabra.com.mx\/portal\/wp-content\/uploads\/2021\/12\/IMG-20211203-WA0002-300x146.jpg\" alt=\"\" width=\"300\" height=\"146\" srcset=\"https:\/\/laultimapalabra.com.mx\/portal\/wp-content\/uploads\/2021\/12\/IMG-20211203-WA0002-300x146.jpg 300w, https:\/\/laultimapalabra.com.mx\/portal\/wp-content\/uploads\/2021\/12\/IMG-20211203-WA0002.jpg 720w\" sizes=\"auto, (max-width: 300px) 100vw, 300px\" \/>Cadereyta Jim\u00e9nez, N.L.- La mala costumbre de los conductores de meterse en contra en la calle Mart\u00edn de Zavala fue lo que ocasion\u00f3 un accidente donde un beb\u00e9 de tres a\u00f1os result\u00f3 lesionado la tarde de ayer.\u00a0<\/span><\/p>\n<p><span style=\"font-weight: 400;\">Los hechos se dieron alrededor de las 17:30 horas en la calle Mart\u00edn de Zavala entre Matamoros y Privada Iturbide en la zona centro de Cadereyta.<\/span><\/p>\n<p><span style=\"font-weight: 400;\">Siendo el veh\u00edculo responsable un Altima marca Nissan en color azul con placas de circulaci\u00f3n SLT-48-59, conducido por Aracely de 69 a\u00f1os de edad.\u00a0<\/span><\/p>\n<p><span style=\"font-weight: 400;\">Mientras que el veh\u00edculo afectado fue una motocicleta marca Yamaha modelo 2021 en color blanca conducida por Martin de 32 a\u00f1os<\/span><\/p>\n<p><span style=\"font-weight: 400;\">El menor lesionado responde al nombre de Angel de 3 a\u00f1os de edad y fue trasladado por sus propios medios a la Cl\u00ednica Virginia para su valoraci\u00f3n m\u00e9dica.\u00a0<\/span><\/p>\n<p>&nbsp;<\/p>\n","protected":false},"excerpt":{"rendered":"<p>Cadereyta Jim\u00e9nez, N.L.- La mala costumbre de los conductores de meterse en contra en la calle Mart\u00edn de Zavala fue lo que ocasion\u00f3 un accidente donde un beb\u00e9 de tres a\u00f1os result\u00f3 lesionado la tarde de ayer.\u00a0 Los hechos se dieron alrededor de las 17:30 horas en la calle Mart\u00edn de Zavala entre Matamoros y [&hellip;]<\/p>\n","protected":false},"author":9,"featured_media":23949,"comment_status":"closed","ping_status":"closed","sticky":false,"template":"","format":"standard","meta":{"footnotes":""},"categories":[17],"tags":[2747,3076],"class_list":["post-23947","post","type-post","status-publish","format-standard","has-post-thumbnail","hentry","category-locales-cadereyta","tag-accidentes-viales-cadereyta","tag-fuente-la-ultima-palabra"],"_links":{"self":[{"href":"https:\/\/laultimapalabra.com.mx\/portal\/wp-json\/wp\/v2\/posts\/23947","targetHints":{"allow":["GET"]}}],"collection":[{"href":"https:\/\/laultimapalabra.com.mx\/portal\/wp-json\/wp\/v2\/posts"}],"about":[{"href":"https:\/\/laultimapalabra.com.mx\/portal\/wp-json\/wp\/v2\/types\/post"}],"author":[{"embeddable":true,"href":"https:\/\/laultimapalabra.com.mx\/portal\/wp-json\/wp\/v2\/users\/9"}],"replies":[{"embeddable":true,"href":"https:\/\/laultimapalabra.com.mx\/portal\/wp-json\/wp\/v2\/comments?post=23947"}],"version-history":[{"count":2,"href":"https:\/\/laultimapalabra.com.mx\/portal\/wp-json\/wp\/v2\/posts\/23947\/revisions"}],"predecessor-version":[{"id":74743,"href":"https:\/\/laultimapalabra.com.mx\/portal\/wp-json\/wp\/v2\/posts\/23947\/revisions\/74743"}],"wp:featuredmedia":[{"embeddable":true,"href":"https:\/\/laultimapalabra.com.mx\/portal\/wp-json\/wp\/v2\/media\/23949"}],"wp:attachment":[{"href":"https:\/\/laultimapalabra.com.mx\/portal\/wp-json\/wp\/v2\/media?parent=23947"}],"wp:term":[{"taxonomy":"category","embeddable":true,"href":"https:\/\/laultimapalabra.com.mx\/portal\/wp-json\/wp\/v2\/categories?post=23947"},{"taxonomy":"post_tag","embeddable":true,"href":"https:\/\/laultimapalabra.com.mx\/portal\/wp-json\/wp\/v2\/tags?post=23947"}],"curies":[{"name":"wp","href":"https:\/\/api.w.org\/{rel}","templated":true}]}}