                       {"id":23956,"date":"2021-12-03T14:17:10","date_gmt":"2021-12-03T20:17:10","guid":{"rendered":"https:\/\/laultimapalabra.com.mx\/portal\/?p=23956"},"modified":"2024-12-11T11:15:53","modified_gmt":"2024-12-11T17:15:53","slug":"siguen-los-accidentes-en-el-periferico-a-la-altura-de-el-castillo","status":"publish","type":"post","link":"https:\/\/laultimapalabra.com.mx\/portal\/siguen-los-accidentes-en-el-periferico-a-la-altura-de-el-castillo\/","title":{"rendered":"Siguen los accidentes en el perif\u00e9rico a la altura de El Castillo"},"content":{"rendered":"<p><span style=\"font-size: 1rem;\"><img loading=\"lazy\" decoding=\"async\" class=\"size-medium wp-image-23951 alignleft\" src=\"https:\/\/laultimapalabra.com.mx\/portal\/wp-content\/uploads\/2021\/12\/IMG-20211203-WA0009-300x178.jpg\" alt=\"\" width=\"300\" height=\"178\" srcset=\"https:\/\/laultimapalabra.com.mx\/portal\/wp-content\/uploads\/2021\/12\/IMG-20211203-WA0009-300x178.jpg 300w, https:\/\/laultimapalabra.com.mx\/portal\/wp-content\/uploads\/2021\/12\/IMG-20211203-WA0009.jpg 720w\" sizes=\"auto, (max-width: 300px) 100vw, 300px\" \/>Cadereyta Jim\u00e9nez, N.L.- <\/span><span style=\"font-size: 1rem;\">La ma\u00f1ana del d\u00eda de hoy se present\u00f3 otro accidente en el perif\u00e9rico en el Kil\u00f3metro 83, en lo que es la salida hacia el Castillo en el municipio de Cadereyta.<\/span><\/p>\n<p>El protagonista fue un tracto cami\u00f3n con doble remolque de color verde de la l\u00ednea Transportes Polanco que circulaba en direcci\u00f3n hacia Allende pero se desconoce, si un descuido o una falla hicieron que se fuera de lleno contra los muros de contenci\u00f3n de pl\u00e1stico y posteriormente, termin\u00f3 atorado en un muro de concreto, lo que dej\u00f3 el motor inservible.<br \/>\nAl lugar acudieron elementos de Fuerza Civil quienes brindaron apoyo al conductor quien no result\u00f3 lesionado.<br \/>\nCabe resaltar que este es el segundo accidente que se presenta en este lugar; el primero fue el 20 de Noviembre, donde participaron 2 veh\u00edculos, por lo que se pide a los conductores tener precauci\u00f3n en esta zona, la cual se encuentra cerrada a la circulaci\u00f3n despu\u00e9s del mencionado Kil\u00f3metro.<\/p>\n","protected":false},"excerpt":{"rendered":"<p>Cadereyta Jim\u00e9nez, N.L.- La ma\u00f1ana del d\u00eda de hoy se present\u00f3 otro accidente en el perif\u00e9rico en el Kil\u00f3metro 83, en lo que es la salida hacia el Castillo en el municipio de Cadereyta. El protagonista fue un tracto cami\u00f3n con doble remolque de color verde de la l\u00ednea Transportes Polanco que circulaba en direcci\u00f3n [&hellip;]<\/p>\n","protected":false},"author":9,"featured_media":23952,"comment_status":"closed","ping_status":"closed","sticky":false,"template":"","format":"standard","meta":{"footnotes":""},"categories":[17],"tags":[2747,3076],"class_list":["post-23956","post","type-post","status-publish","format-standard","has-post-thumbnail","hentry","category-locales-cadereyta","tag-accidentes-viales-cadereyta","tag-fuente-la-ultima-palabra"],"_links":{"self":[{"href":"https:\/\/laultimapalabra.com.mx\/portal\/wp-json\/wp\/v2\/posts\/23956","targetHints":{"allow":["GET"]}}],"collection":[{"href":"https:\/\/laultimapalabra.com.mx\/portal\/wp-json\/wp\/v2\/posts"}],"about":[{"href":"https:\/\/laultimapalabra.com.mx\/portal\/wp-json\/wp\/v2\/types\/post"}],"author":[{"embeddable":true,"href":"https:\/\/laultimapalabra.com.mx\/portal\/wp-json\/wp\/v2\/users\/9"}],"replies":[{"embeddable":true,"href":"https:\/\/laultimapalabra.com.mx\/portal\/wp-json\/wp\/v2\/comments?post=23956"}],"version-history":[{"count":2,"href":"https:\/\/laultimapalabra.com.mx\/portal\/wp-json\/wp\/v2\/posts\/23956\/revisions"}],"predecessor-version":[{"id":74745,"href":"https:\/\/laultimapalabra.com.mx\/portal\/wp-json\/wp\/v2\/posts\/23956\/revisions\/74745"}],"wp:featuredmedia":[{"embeddable":true,"href":"https:\/\/laultimapalabra.com.mx\/portal\/wp-json\/wp\/v2\/media\/23952"}],"wp:attachment":[{"href":"https:\/\/laultimapalabra.com.mx\/portal\/wp-json\/wp\/v2\/media?parent=23956"}],"wp:term":[{"taxonomy":"category","embeddable":true,"href":"https:\/\/laultimapalabra.com.mx\/portal\/wp-json\/wp\/v2\/categories?post=23956"},{"taxonomy":"post_tag","embeddable":true,"href":"https:\/\/laultimapalabra.com.mx\/portal\/wp-json\/wp\/v2\/tags?post=23956"}],"curies":[{"name":"wp","href":"https:\/\/api.w.org\/{rel}","templated":true}]}}