                       {"id":2398,"date":"2018-07-06T01:53:48","date_gmt":"2018-07-06T01:53:48","guid":{"rendered":"http:\/\/laultimapalabra.info\/?p=2398"},"modified":"2024-12-11T08:37:19","modified_gmt":"2024-12-11T14:37:19","slug":"el-quemador-22","status":"publish","type":"post","link":"https:\/\/laultimapalabra.com.mx\/portal\/el-quemador-22\/","title":{"rendered":"El Quemador"},"content":{"rendered":"<p style=\"text-align: justify;\"><img loading=\"lazy\" decoding=\"async\" class=\"size-medium wp-image-159 alignleft\" src=\"https:\/\/laultimapalabra.com.mx\/portal\/wp-content\/uploads\/2018\/02\/Banner-Caliente-copia-300x171.jpg\" alt=\"\" width=\"300\" height=\"171\" \/>Por: El Repre<\/p>\n<p style=\"text-align: justify;\">DESANIMO<br \/>\nIniciamos esta columneja con un dejo de tristeza y desanimo como hace mucho no lo sent\u00edamos\u2026pues por un lado nuestra candidata a la Alcald\u00eda no fue favorecida con la mayor\u00eda de votos y por otro, pues la decepci\u00f3n de la selecci\u00f3n mexicana que se volvi\u00f3 a quedar en el camino en un mundial de futbol\u2026pero bueno, la funci\u00f3n debe continuar y mientras haya vida hay esperanza\u2026como un rayito!!<br \/>\nPEJECITO DE ORO<br \/>\nY hablando de esperanza, la esperanza de cambio, de hacer bien las cosas, de demostrar que s\u00ed se puede, pues cuanta alegr\u00eda nos dio el contundente y categ\u00f3rico triunfo de nuestro Pejecito de oro Andr\u00e9s Manuel L\u00f3pez Obrador Presidente electo de M\u00e9xico\u2026que bonito es lo bonito compitas y estense bien alertas porque se vienen los cambios!!<br \/>\nADMINISTRACI\u00d3N<br \/>\nNo es un secreto que con la llegada de AMLO a la Presidencia de la Republica muchos ser\u00e1n los cambios que se har\u00e1n, y m\u00e1s en nuestra empresa que depende de pap\u00e1 gobierno\u2026por lo pronto todas las direcciones y gerencias est\u00e1n en vilo pues es casi un hecho que a partir del 1\u00ba de diciembre sean removidos y entre gente nueva\u2026que as\u00ed sea!!<br \/>\nMOVILIZACI\u00d3N<br \/>\nEn lo que respecta a la parte sindical tambi\u00e9n habr\u00e1 cambios\u2026de hecho les contamos que miles de petroleros de todas las secciones del pa\u00eds ya se organizan y movilizan para participar en las pr\u00f3ximas elecciones sindicales\u2026aqu\u00ed en la 49 tambi\u00e9n est\u00e1 muy movida el agua y habr\u00e1 muchas planillas buscando la Secretaria General!!<br \/>\nSERAN ANTES<br \/>\nY como ya se los hab\u00edamos dicho en esta columneja, las elecciones para renovar delegados departamentales y el Comit\u00e9 Ejecutivo Local se adelantaran\u2026as\u00ed que apenas empezando el mes de agosto habr\u00e1 elecciones\u2026esto porque las tomas de nota tienen que estar listas en la primer semana de septiembre\u2026avisados est\u00e1n!!<br \/>\nAMLOVERS<br \/>\nLos que siguen creciendo como la espuma son los llamados AMLOvers, pues cada d\u00eda suman m\u00e1s y m\u00e1s simpatizantes que sin ning\u00fan temor est\u00e1n dispuestos a manifestarse para dignificar al sindicalismo local\u2026bien por todos ellos, y a estar bien atentos porque habr\u00e1 mucha competencia\u2026ya pronto les daremos el nombre del l\u00edder de esta Planilla!!<br \/>\nEL POTRO<br \/>\nAl que ya no se le entendi\u00f3 porque lado se ira es al famoso Potro Vega\u2026pues primero se dej\u00f3 ver mucho con la actual administraci\u00f3n sindical y hasta participo activamente en los pasados comicios electorales en favor de los candidatos del PRI\u2026esto hac\u00eda creer que se ir\u00eda con todo apoyando a los actuales funcionarios sindicales\u2026pero, s\u00edganle!!<br \/>\nMORALES<br \/>\nPero hace unos d\u00edas en las redes sociales el Potro tuvo una especie de destape cortes\u00eda del Licenciado Felipe Morales, quien sin m\u00e1s ni m\u00e1s despu\u00e9s de manifestar su deseo de participar en la pr\u00f3xima contienda sindical, dijo que lo har\u00eda orgulloso a lado de Josu\u00e9 Vega\u2026y aqu\u00ed el tinte ya cambia\u2026as\u00ed que vayan apuntando y contemplando una Planilla m\u00e1s, la del Potro Vega\u2026aunque \u00e9ste su Repre Amigo tiene sus dudas, y no creemos que el Potro tenga el valor pa\u2019 abrirse, pero ya pronto lo sabremos!!<br \/>\nARTURO P\u00c9REZ<br \/>\nNos piden le mandemos un saludo al compita Arturo P\u00e9rez que a cada rato enciende las redes sociales con sus atrevidos y certeros comentarios (bueno, a veces tira pa\u2019l monte, pero en general escribe muy bien)\u2026b\u00fasquenlo en Facebook como Arturo P\u00e9rez y cuidado le hablen mal de AMLO o del compa Miguel Estrada porque los hace garras!!<br \/>\nMEC\u00c1NICO<br \/>\nDel Taller Mec\u00e1nico nos cuentan muchas cosas, la primera de ellas es que el cuerno de oro mayor el tal Octavio Guerras est\u00e1 obsesionado con llegar al Comit\u00e9 Ejecutivo Local (Dios nos libre\u2026aunque si cuenta con el perfil, porque ya ven que cae cada cosa) y para lograrlo est\u00e1 presionando a los compitas para que voten por \u00e9l\u2026s\u00edganle!!<br \/>\nDAMITAS<br \/>\nPero donde m\u00e1s est\u00e1 apretando Octavio el Pill\u00edn Guerrero es con las damitas del departamento\u2026y es que el gandaya cuerno largo las cita una por una a su oficina para hacerles saber porque deben de votar por \u00e9l\u2026s\u00edganle!!<br \/>\nAGUAS<br \/>\nTambi\u00e9n nos aseguran que Octavio aprovecha pa\u2019 tirarle los canes a una que otra compa\u00f1era, de preferencia jovencitas\u2026de hecho se sabe que el cabez\u00f3n anda bien sobres de la hija del Hugo babas\u2026pues aguas porque nomas enter\u00e1ndose la canija chaparra de la Cristian esto se pondr\u00e1 color de hormiga!!&#8230;Arrivederchi!!<\/p>\n","protected":false},"excerpt":{"rendered":"<p>Por: El Repre DESANIMO Iniciamos esta columneja con un dejo de tristeza y desanimo como hace mucho no lo sent\u00edamos\u2026pues por un lado nuestra candidata a la Alcald\u00eda no fue favorecida con la mayor\u00eda de votos y por otro, pues la decepci\u00f3n de la selecci\u00f3n mexicana que se volvi\u00f3 a quedar en el camino en [&hellip;]<\/p>\n","protected":false},"author":9,"featured_media":159,"comment_status":"open","ping_status":"closed","sticky":false,"template":"","format":"standard","meta":{"footnotes":""},"categories":[1],"tags":[944],"class_list":["post-2398","post","type-post","status-publish","format-standard","has-post-thumbnail","hentry","category-noticias","tag-el-repre-el-quemador"],"_links":{"self":[{"href":"https:\/\/laultimapalabra.com.mx\/portal\/wp-json\/wp\/v2\/posts\/2398","targetHints":{"allow":["GET"]}}],"collection":[{"href":"https:\/\/laultimapalabra.com.mx\/portal\/wp-json\/wp\/v2\/posts"}],"about":[{"href":"https:\/\/laultimapalabra.com.mx\/portal\/wp-json\/wp\/v2\/types\/post"}],"author":[{"embeddable":true,"href":"https:\/\/laultimapalabra.com.mx\/portal\/wp-json\/wp\/v2\/users\/9"}],"replies":[{"embeddable":true,"href":"https:\/\/laultimapalabra.com.mx\/portal\/wp-json\/wp\/v2\/comments?post=2398"}],"version-history":[{"count":1,"href":"https:\/\/laultimapalabra.com.mx\/portal\/wp-json\/wp\/v2\/posts\/2398\/revisions"}],"predecessor-version":[{"id":64307,"href":"https:\/\/laultimapalabra.com.mx\/portal\/wp-json\/wp\/v2\/posts\/2398\/revisions\/64307"}],"wp:featuredmedia":[{"embeddable":true,"href":"https:\/\/laultimapalabra.com.mx\/portal\/wp-json\/"}],"wp:attachment":[{"href":"https:\/\/laultimapalabra.com.mx\/portal\/wp-json\/wp\/v2\/media?parent=2398"}],"wp:term":[{"taxonomy":"category","embeddable":true,"href":"https:\/\/laultimapalabra.com.mx\/portal\/wp-json\/wp\/v2\/categories?post=2398"},{"taxonomy":"post_tag","embeddable":true,"href":"https:\/\/laultimapalabra.com.mx\/portal\/wp-json\/wp\/v2\/tags?post=2398"}],"curies":[{"name":"wp","href":"https:\/\/api.w.org\/{rel}","templated":true}]}}