                       {"id":23993,"date":"2021-12-05T20:20:49","date_gmt":"2021-12-06T02:20:49","guid":{"rendered":"https:\/\/laultimapalabra.com.mx\/portal\/?p=23993"},"modified":"2024-12-11T11:15:53","modified_gmt":"2024-12-11T17:15:53","slug":"chocan-por-alcance-sobre-la-reynosa","status":"publish","type":"post","link":"https:\/\/laultimapalabra.com.mx\/portal\/chocan-por-alcance-sobre-la-reynosa\/","title":{"rendered":"Chocan por alcance sobre la Reynosa\u00a0"},"content":{"rendered":"<p><span style=\"font-size: 1rem;\"><img loading=\"lazy\" decoding=\"async\" class=\"size-medium wp-image-23976 alignleft\" src=\"https:\/\/laultimapalabra.com.mx\/portal\/wp-content\/uploads\/2021\/12\/IMG-20211205-WA0029-300x167.jpg\" alt=\"\" width=\"300\" height=\"167\" srcset=\"https:\/\/laultimapalabra.com.mx\/portal\/wp-content\/uploads\/2021\/12\/IMG-20211205-WA0029-300x167.jpg 300w, https:\/\/laultimapalabra.com.mx\/portal\/wp-content\/uploads\/2021\/12\/IMG-20211205-WA0029.jpg 720w\" sizes=\"auto, (max-width: 300px) 100vw, 300px\" \/>Cadereyta Jim\u00e9nez, N.L.- La noche de ayer s\u00e1bado se present\u00f3 un accidente vial por alcance en la carretera Libre a Reynosa en el km 27 a la altura de Lomas de los Pilares en el municipio de Cadereyta.\u00a0<\/span><\/p>\n<p>En dicho percance participaron un autom\u00f3vil ford Mustang y una Camioneta Ford 150, y afortunadamente no hubo personas lesionadas.<\/p>\n<p>Ambos veh\u00edculos circulaban en direcci\u00f3n de Poniente a Oriente, cuando la camioneta detuvo su marcha y el conductor del Mustang no se percat\u00f3 por lo que impact\u00f3 por la parte trasera a la ford 150.<\/p>\n<p>Finalmente, al lugar de.lis hechos arribaron elementos de tr\u00e1nsito municipal de Cadereyta para abanderar el lugar.<\/p>\n<p>Fuente: La \u00daltima Palabra<\/p>\n","protected":false},"excerpt":{"rendered":"<p>Cadereyta Jim\u00e9nez, N.L.- La noche de ayer s\u00e1bado se present\u00f3 un accidente vial por alcance en la carretera Libre a Reynosa en el km 27 a la altura de Lomas de los Pilares en el municipio de Cadereyta.\u00a0 En dicho percance participaron un autom\u00f3vil ford Mustang y una Camioneta Ford 150, y afortunadamente no hubo [&hellip;]<\/p>\n","protected":false},"author":9,"featured_media":23975,"comment_status":"closed","ping_status":"closed","sticky":false,"template":"","format":"standard","meta":{"footnotes":""},"categories":[17],"tags":[2747,3076],"class_list":["post-23993","post","type-post","status-publish","format-standard","has-post-thumbnail","hentry","category-locales-cadereyta","tag-accidentes-viales-cadereyta","tag-fuente-la-ultima-palabra"],"_links":{"self":[{"href":"https:\/\/laultimapalabra.com.mx\/portal\/wp-json\/wp\/v2\/posts\/23993","targetHints":{"allow":["GET"]}}],"collection":[{"href":"https:\/\/laultimapalabra.com.mx\/portal\/wp-json\/wp\/v2\/posts"}],"about":[{"href":"https:\/\/laultimapalabra.com.mx\/portal\/wp-json\/wp\/v2\/types\/post"}],"author":[{"embeddable":true,"href":"https:\/\/laultimapalabra.com.mx\/portal\/wp-json\/wp\/v2\/users\/9"}],"replies":[{"embeddable":true,"href":"https:\/\/laultimapalabra.com.mx\/portal\/wp-json\/wp\/v2\/comments?post=23993"}],"version-history":[{"count":2,"href":"https:\/\/laultimapalabra.com.mx\/portal\/wp-json\/wp\/v2\/posts\/23993\/revisions"}],"predecessor-version":[{"id":74759,"href":"https:\/\/laultimapalabra.com.mx\/portal\/wp-json\/wp\/v2\/posts\/23993\/revisions\/74759"}],"wp:featuredmedia":[{"embeddable":true,"href":"https:\/\/laultimapalabra.com.mx\/portal\/wp-json\/wp\/v2\/media\/23975"}],"wp:attachment":[{"href":"https:\/\/laultimapalabra.com.mx\/portal\/wp-json\/wp\/v2\/media?parent=23993"}],"wp:term":[{"taxonomy":"category","embeddable":true,"href":"https:\/\/laultimapalabra.com.mx\/portal\/wp-json\/wp\/v2\/categories?post=23993"},{"taxonomy":"post_tag","embeddable":true,"href":"https:\/\/laultimapalabra.com.mx\/portal\/wp-json\/wp\/v2\/tags?post=23993"}],"curies":[{"name":"wp","href":"https:\/\/api.w.org\/{rel}","templated":true}]}}