                       {"id":24087,"date":"2021-12-09T14:57:13","date_gmt":"2021-12-09T20:57:13","guid":{"rendered":"https:\/\/laultimapalabra.com.mx\/portal\/?p=24087"},"modified":"2024-12-11T11:15:54","modified_gmt":"2024-12-11T17:15:54","slug":"firma-gobierno-de-juarez-convenio-con-planteles-de-educacion-media-superior","status":"publish","type":"post","link":"https:\/\/laultimapalabra.com.mx\/portal\/firma-gobierno-de-juarez-convenio-con-planteles-de-educacion-media-superior\/","title":{"rendered":"Firma Gobierno de Ju\u00e1rez convenio con planteles de educaci\u00f3n media superior\u00a0"},"content":{"rendered":"<p><span style=\"font-size: 1rem;\"><img loading=\"lazy\" decoding=\"async\" class=\"size-medium wp-image-24078 alignleft\" src=\"https:\/\/laultimapalabra.com.mx\/portal\/wp-content\/uploads\/2021\/12\/IMG-20211209-WA0022-300x169.jpg\" alt=\"\" width=\"300\" height=\"169\" srcset=\"https:\/\/laultimapalabra.com.mx\/portal\/wp-content\/uploads\/2021\/12\/IMG-20211209-WA0022-300x169.jpg 300w, https:\/\/laultimapalabra.com.mx\/portal\/wp-content\/uploads\/2021\/12\/IMG-20211209-WA0022-1024x576.jpg 1024w, https:\/\/laultimapalabra.com.mx\/portal\/wp-content\/uploads\/2021\/12\/IMG-20211209-WA0022-768x432.jpg 768w, https:\/\/laultimapalabra.com.mx\/portal\/wp-content\/uploads\/2021\/12\/IMG-20211209-WA0022-1536x864.jpg 1536w, https:\/\/laultimapalabra.com.mx\/portal\/wp-content\/uploads\/2021\/12\/IMG-20211209-WA0022.jpg 1599w\" sizes=\"auto, (max-width: 300px) 100vw, 300px\" \/>Ju\u00e1rez, N.L.- La ma\u00f1ana de hoy alrededor de las 10:00 horas se realiz\u00f3 la firma de un convenio entre el alcalde de Ju\u00e1rez, Paco Trevi\u00f1o y 30 centros educativos de educaci\u00f3n media superior (prepa y universidad) de Ju\u00e1rez y municipios cercanos.<\/span><\/p>\n<p><span style=\"font-weight: 400;\">El evento se llev\u00f3 a cabo en el Club Deportivo en su sal\u00f3n de eventos, donde el edil juarense agradeci\u00f3 la dispocisi\u00f3n para brindar becas y diferentes descuentos en sus gastos a los alumnos por parte de los planteles educativos.\u00a0<\/span><\/p>\n<p><span style=\"font-weight: 400;\">Mientras que por su parte, el Centro Regional de Estudios Administrativos De Cadereyta otorg\u00f3 40 becas al 100% para dos licenciaturas y cinco becas al 100 para maestr\u00edas en psicolog\u00eda, estando tambi\u00e9n presente la Secretaria de Educaci\u00f3n Municipal en Ju\u00e1rez,\u00a0 Blanca Elia Vargas.<\/span><\/p>\n<p>&nbsp;<\/p>\n","protected":false},"excerpt":{"rendered":"<p>Ju\u00e1rez, N.L.- La ma\u00f1ana de hoy alrededor de las 10:00 horas se realiz\u00f3 la firma de un convenio entre el alcalde de Ju\u00e1rez, Paco Trevi\u00f1o y 30 centros educativos de educaci\u00f3n media superior (prepa y universidad) de Ju\u00e1rez y municipios cercanos. El evento se llev\u00f3 a cabo en el Club Deportivo en su sal\u00f3n de [&hellip;]<\/p>\n","protected":false},"author":9,"featured_media":24079,"comment_status":"closed","ping_status":"closed","sticky":false,"template":"","format":"standard","meta":{"footnotes":""},"categories":[18],"tags":[3207,3204,1684],"class_list":["post-24087","post","type-post","status-publish","format-standard","has-post-thumbnail","hentry","category-locales-juarez","tag-convenios-juarez","tag-fuente-gobierno-municipal-de-juarez","tag-paco-trevino"],"_links":{"self":[{"href":"https:\/\/laultimapalabra.com.mx\/portal\/wp-json\/wp\/v2\/posts\/24087","targetHints":{"allow":["GET"]}}],"collection":[{"href":"https:\/\/laultimapalabra.com.mx\/portal\/wp-json\/wp\/v2\/posts"}],"about":[{"href":"https:\/\/laultimapalabra.com.mx\/portal\/wp-json\/wp\/v2\/types\/post"}],"author":[{"embeddable":true,"href":"https:\/\/laultimapalabra.com.mx\/portal\/wp-json\/wp\/v2\/users\/9"}],"replies":[{"embeddable":true,"href":"https:\/\/laultimapalabra.com.mx\/portal\/wp-json\/wp\/v2\/comments?post=24087"}],"version-history":[{"count":2,"href":"https:\/\/laultimapalabra.com.mx\/portal\/wp-json\/wp\/v2\/posts\/24087\/revisions"}],"predecessor-version":[{"id":74801,"href":"https:\/\/laultimapalabra.com.mx\/portal\/wp-json\/wp\/v2\/posts\/24087\/revisions\/74801"}],"wp:featuredmedia":[{"embeddable":true,"href":"https:\/\/laultimapalabra.com.mx\/portal\/wp-json\/wp\/v2\/media\/24079"}],"wp:attachment":[{"href":"https:\/\/laultimapalabra.com.mx\/portal\/wp-json\/wp\/v2\/media?parent=24087"}],"wp:term":[{"taxonomy":"category","embeddable":true,"href":"https:\/\/laultimapalabra.com.mx\/portal\/wp-json\/wp\/v2\/categories?post=24087"},{"taxonomy":"post_tag","embeddable":true,"href":"https:\/\/laultimapalabra.com.mx\/portal\/wp-json\/wp\/v2\/tags?post=24087"}],"curies":[{"name":"wp","href":"https:\/\/api.w.org\/{rel}","templated":true}]}}