                       {"id":24140,"date":"2021-12-13T13:12:10","date_gmt":"2021-12-13T19:12:10","guid":{"rendered":"https:\/\/laultimapalabra.com.mx\/portal\/?p=24140"},"modified":"2024-12-11T11:15:54","modified_gmt":"2024-12-11T17:15:54","slug":"hombre-en-estado-de-ebriedad-pierde-control-de-vehiculo-y-lo-incendia-en-cadereyta","status":"publish","type":"post","link":"https:\/\/laultimapalabra.com.mx\/portal\/hombre-en-estado-de-ebriedad-pierde-control-de-vehiculo-y-lo-incendia-en-cadereyta\/","title":{"rendered":"Hombre en estado de ebriedad pierde control de veh\u00edculo y lo incendia en Cadereyta\u00a0"},"content":{"rendered":"<p><span style=\"font-size: 1rem;\"><img loading=\"lazy\" decoding=\"async\" class=\"size-medium wp-image-24121 alignleft\" src=\"https:\/\/laultimapalabra.com.mx\/portal\/wp-content\/uploads\/2021\/12\/IMG-20211212-WA0011-300x135.jpg\" alt=\"\" width=\"300\" height=\"135\" srcset=\"https:\/\/laultimapalabra.com.mx\/portal\/wp-content\/uploads\/2021\/12\/IMG-20211212-WA0011-300x135.jpg 300w, https:\/\/laultimapalabra.com.mx\/portal\/wp-content\/uploads\/2021\/12\/IMG-20211212-WA0011-1024x461.jpg 1024w, https:\/\/laultimapalabra.com.mx\/portal\/wp-content\/uploads\/2021\/12\/IMG-20211212-WA0011-768x346.jpg 768w, https:\/\/laultimapalabra.com.mx\/portal\/wp-content\/uploads\/2021\/12\/IMG-20211212-WA0011-1536x691.jpg 1536w, https:\/\/laultimapalabra.com.mx\/portal\/wp-content\/uploads\/2021\/12\/IMG-20211212-WA0011.jpg 1600w\" sizes=\"auto, (max-width: 300px) 100vw, 300px\" \/>Cadereyta Jim\u00e9nez, N.L.- Una persona de la tercera de edad en estado et\u00edlico, perdi\u00f3 el control de su vehiculo Dodge tipo Neon en color rojo y se sali\u00f3 de la carpeta asf\u00e1ltica en la autopista Cadereyta-Reynosa en el km 36, donde despu\u00e9s cay\u00f3\u00a0 a una zanja en la que al tratar de sacar el veh\u00edculo sobrecalent\u00f3 el motor del autom\u00f3vil, provocando el incendio del mismo.\u00a0<\/span><\/p>\n<p><span style=\"font-weight: 400;\">El conductor fue identificado como Ismael Reyes de 64 a\u00f1os de edad, con domicilio en la Estaci\u00f3n San Pedro (Enfrente de Pemex), quien afortunadamente no present\u00f3 lesiones.<\/span><\/p>\n<p>&nbsp;<\/p>\n","protected":false},"excerpt":{"rendered":"<p>Cadereyta Jim\u00e9nez, N.L.- Una persona de la tercera de edad en estado et\u00edlico, perdi\u00f3 el control de su vehiculo Dodge tipo Neon en color rojo y se sali\u00f3 de la carpeta asf\u00e1ltica en la autopista Cadereyta-Reynosa en el km 36, donde despu\u00e9s cay\u00f3\u00a0 a una zanja en la que al tratar de sacar el veh\u00edculo [&hellip;]<\/p>\n","protected":false},"author":9,"featured_media":24123,"comment_status":"closed","ping_status":"closed","sticky":false,"template":"","format":"standard","meta":{"footnotes":""},"categories":[17],"tags":[3076,1260],"class_list":["post-24140","post","type-post","status-publish","format-standard","has-post-thumbnail","hentry","category-locales-cadereyta","tag-fuente-la-ultima-palabra","tag-incendios-cadereyta"],"_links":{"self":[{"href":"https:\/\/laultimapalabra.com.mx\/portal\/wp-json\/wp\/v2\/posts\/24140","targetHints":{"allow":["GET"]}}],"collection":[{"href":"https:\/\/laultimapalabra.com.mx\/portal\/wp-json\/wp\/v2\/posts"}],"about":[{"href":"https:\/\/laultimapalabra.com.mx\/portal\/wp-json\/wp\/v2\/types\/post"}],"author":[{"embeddable":true,"href":"https:\/\/laultimapalabra.com.mx\/portal\/wp-json\/wp\/v2\/users\/9"}],"replies":[{"embeddable":true,"href":"https:\/\/laultimapalabra.com.mx\/portal\/wp-json\/wp\/v2\/comments?post=24140"}],"version-history":[{"count":2,"href":"https:\/\/laultimapalabra.com.mx\/portal\/wp-json\/wp\/v2\/posts\/24140\/revisions"}],"predecessor-version":[{"id":74821,"href":"https:\/\/laultimapalabra.com.mx\/portal\/wp-json\/wp\/v2\/posts\/24140\/revisions\/74821"}],"wp:featuredmedia":[{"embeddable":true,"href":"https:\/\/laultimapalabra.com.mx\/portal\/wp-json\/wp\/v2\/media\/24123"}],"wp:attachment":[{"href":"https:\/\/laultimapalabra.com.mx\/portal\/wp-json\/wp\/v2\/media?parent=24140"}],"wp:term":[{"taxonomy":"category","embeddable":true,"href":"https:\/\/laultimapalabra.com.mx\/portal\/wp-json\/wp\/v2\/categories?post=24140"},{"taxonomy":"post_tag","embeddable":true,"href":"https:\/\/laultimapalabra.com.mx\/portal\/wp-json\/wp\/v2\/tags?post=24140"}],"curies":[{"name":"wp","href":"https:\/\/api.w.org\/{rel}","templated":true}]}}