                       {"id":24171,"date":"2021-12-15T14:55:37","date_gmt":"2021-12-15T20:55:37","guid":{"rendered":"https:\/\/laultimapalabra.com.mx\/portal\/?p=24171"},"modified":"2024-12-11T11:15:54","modified_gmt":"2024-12-11T17:15:54","slug":"alarma-a-elementos-de-pc-y-bomberos-incendio-en-remolque","status":"publish","type":"post","link":"https:\/\/laultimapalabra.com.mx\/portal\/alarma-a-elementos-de-pc-y-bomberos-incendio-en-remolque\/","title":{"rendered":"Alarma a elementos de PC y Bomberos incendio en remolque"},"content":{"rendered":"<p><span style=\"font-size: 1rem;\"><img loading=\"lazy\" decoding=\"async\" class=\"size-medium wp-image-24260 alignleft\" src=\"https:\/\/laultimapalabra.com.mx\/portal\/wp-content\/uploads\/2021\/12\/IMG-20211215-WA0002-300x169.jpg\" alt=\"\" width=\"300\" height=\"169\" srcset=\"https:\/\/laultimapalabra.com.mx\/portal\/wp-content\/uploads\/2021\/12\/IMG-20211215-WA0002-300x169.jpg 300w, https:\/\/laultimapalabra.com.mx\/portal\/wp-content\/uploads\/2021\/12\/IMG-20211215-WA0002-1024x576.jpg 1024w, https:\/\/laultimapalabra.com.mx\/portal\/wp-content\/uploads\/2021\/12\/IMG-20211215-WA0002-768x432.jpg 768w, https:\/\/laultimapalabra.com.mx\/portal\/wp-content\/uploads\/2021\/12\/IMG-20211215-WA0002.jpg 1152w\" sizes=\"auto, (max-width: 300px) 100vw, 300px\" \/>Cadereyta Jim\u00e9nez, N.L.-<\/span><span style=\"font-size: 1rem;\">Esta tarde alrededor de las 16:00 horas, se movilizaron los cuerpos de auxilio de Protecci\u00f3n Civil y Bomberos en el municipio de Cadereyta.<\/span><\/p>\n<p>Todo empez\u00f3 con una llamada al 911 alertando del incendio de un tr\u00e1iler en el kil\u00f3metro 08 de la carretera Cadereyta-Allende, donde no se visualiz\u00f3 nada, por lo que posteriormente hacen el llamado a los n\u00fameros de emergencia, pero ahora con direcci\u00f3n a la carretera a San Mateo en el Kil\u00f3metro 08.<\/p>\n<p>Los elementos r\u00e1pidamente se movilizaron a dicho lugar, donde llegaron y s\u00f3lo se estaba incendiando un poco de pastizal y un remolque de equinos que estaba abandonado, por lo que \u00e9l siniestro fue sofocado por los Bomberos.<\/p>\n<p>Los elementos hacen el llamado a la ciudadan\u00eda, a que en caso de alguna emergencia traten de verificar la ubicaci\u00f3n de donde se est\u00e1 presentando, ya que cada minuto que pasa es de suma importancia en el auxilio de un incidente de esta \u00edndole.<\/p>\n","protected":false},"excerpt":{"rendered":"<p>Cadereyta Jim\u00e9nez, N.L.-Esta tarde alrededor de las 16:00 horas, se movilizaron los cuerpos de auxilio de Protecci\u00f3n Civil y Bomberos en el municipio de Cadereyta. Todo empez\u00f3 con una llamada al 911 alertando del incendio de un tr\u00e1iler en el kil\u00f3metro 08 de la carretera Cadereyta-Allende, donde no se visualiz\u00f3 nada, por lo que posteriormente [&hellip;]<\/p>\n","protected":false},"author":9,"featured_media":24259,"comment_status":"closed","ping_status":"closed","sticky":false,"template":"","format":"standard","meta":{"footnotes":""},"categories":[17],"tags":[3076,1260,2710],"class_list":["post-24171","post","type-post","status-publish","format-standard","has-post-thumbnail","hentry","category-locales-cadereyta","tag-fuente-la-ultima-palabra","tag-incendios-cadereyta","tag-servicios-de-emergencia-cadereyta"],"_links":{"self":[{"href":"https:\/\/laultimapalabra.com.mx\/portal\/wp-json\/wp\/v2\/posts\/24171","targetHints":{"allow":["GET"]}}],"collection":[{"href":"https:\/\/laultimapalabra.com.mx\/portal\/wp-json\/wp\/v2\/posts"}],"about":[{"href":"https:\/\/laultimapalabra.com.mx\/portal\/wp-json\/wp\/v2\/types\/post"}],"author":[{"embeddable":true,"href":"https:\/\/laultimapalabra.com.mx\/portal\/wp-json\/wp\/v2\/users\/9"}],"replies":[{"embeddable":true,"href":"https:\/\/laultimapalabra.com.mx\/portal\/wp-json\/wp\/v2\/comments?post=24171"}],"version-history":[{"count":3,"href":"https:\/\/laultimapalabra.com.mx\/portal\/wp-json\/wp\/v2\/posts\/24171\/revisions"}],"predecessor-version":[{"id":74829,"href":"https:\/\/laultimapalabra.com.mx\/portal\/wp-json\/wp\/v2\/posts\/24171\/revisions\/74829"}],"wp:featuredmedia":[{"embeddable":true,"href":"https:\/\/laultimapalabra.com.mx\/portal\/wp-json\/wp\/v2\/media\/24259"}],"wp:attachment":[{"href":"https:\/\/laultimapalabra.com.mx\/portal\/wp-json\/wp\/v2\/media?parent=24171"}],"wp:term":[{"taxonomy":"category","embeddable":true,"href":"https:\/\/laultimapalabra.com.mx\/portal\/wp-json\/wp\/v2\/categories?post=24171"},{"taxonomy":"post_tag","embeddable":true,"href":"https:\/\/laultimapalabra.com.mx\/portal\/wp-json\/wp\/v2\/tags?post=24171"}],"curies":[{"name":"wp","href":"https:\/\/api.w.org\/{rel}","templated":true}]}}