                       {"id":2418,"date":"2018-07-06T01:26:42","date_gmt":"2018-07-06T01:26:42","guid":{"rendered":"http:\/\/laultimapalabra.info\/?p=2418"},"modified":"2024-12-11T08:37:19","modified_gmt":"2024-12-11T14:37:19","slug":"forman-el-tucoh","status":"publish","type":"post","link":"https:\/\/laultimapalabra.com.mx\/portal\/forman-el-tucoh\/","title":{"rendered":"Forman el TUCOH"},"content":{"rendered":"<p style=\"text-align: justify;\"><img loading=\"lazy\" decoding=\"async\" class=\"size-medium wp-image-2420 alignleft\" src=\"https:\/\/laultimapalabra.com.mx\/portal\/wp-content\/uploads\/2018\/07\/1-2-300x200.jpg\" alt=\"\" width=\"300\" height=\"200\" \/>Cuatro de los siete candidatos perdedores en la pasada contienda, se reunieron para formar un frente com\u00fan contra Heriberto Trevi\u00f1o<\/p>\n<p style=\"text-align: justify;\">Miguel Oscar P\u00e9rez<br \/>\nCD. BENITO JU\u00c1REZ, N.L.-<br \/>\nEl martes los candidatos que no resultaron favorecidos en los pasados comicios electorales formaron el TUCOH, Todos Unidos Contra Heriberto, que buscaban no se entregara la constancia de mayor\u00eda al hoy alcalde electo.<br \/>\nAm\u00e9rico Garza, candidato Independiente; Ulises Trevi\u00f1o, aspirante de Morena; Eduardo Trevi\u00f1o, del Movimiento Ciudadano y Jos\u00e9 Luz Garza del Partido Acci\u00f3n Nacional, fueron quienes externaron su inconformidad por los resultados que les fueron adversos en las pasadas elecciones.<br \/>\nUna multitud de personas se apost\u00f3 este mi\u00e9rcoles por la ma\u00f1ana para apoyar a Heriberto Trevi\u00f1o Cant\u00fa, cuando se inici\u00f3 el conteo de acta por acta de los 359 paquetes electorales de igual n\u00famero de casillas.<br \/>\nAnterior a eso, el candidato independiente, Am\u00e9rico Garza salinas en su cuenta de Facebook hizo p\u00fablica la uni\u00f3n en contra de los resultados<br \/>\n\u201c\u00c9sta noche tuvimos la visita de mis compa\u00f1eros candidatos y representantes de los partidos: PAN, Movimiento Ciudadano, Nueva Alianza, PRD y Morena, quienes comparten nuestra misma indignaci\u00f3n sobre el desarrollo de la jornada electoral\u201d, expres\u00f3 Garza Salinas.<br \/>\nTambi\u00e9n se\u00f1ala que estar\u00eda en la Comisi\u00f3n Estatal Electoral el mi\u00e9rcoles cuatro de julio para protestar por lo que llam\u00f3 actos dudosos en irregularidades que van en contra de la dignidad y decisi\u00f3n de todos los vecinos.<br \/>\nEl mi\u00e9rcoles se dejaron ver en la Comisi\u00f3n Municipal Electoral Ulises Trevi\u00f1o y Eduardo Trevi\u00f1o, revisando con sus representantes las actas y donde hab\u00eda alguna duda o incidencia se apartaba y al final se contaba voto por voto en la marat\u00f3nica jornada que dur\u00f3 d\u00eda y medio.<\/p>\n","protected":false},"excerpt":{"rendered":"<p>Cuatro de los siete candidatos perdedores en la pasada contienda, se reunieron para formar un frente com\u00fan contra Heriberto Trevi\u00f1o Miguel Oscar P\u00e9rez CD. BENITO JU\u00c1REZ, N.L.- El martes los candidatos que no resultaron favorecidos en los pasados comicios electorales formaron el TUCOH, Todos Unidos Contra Heriberto, que buscaban no se entregara la constancia de [&hellip;]<\/p>\n","protected":false},"author":9,"featured_media":2420,"comment_status":"open","ping_status":"closed","sticky":false,"template":"","format":"standard","meta":{"footnotes":""},"categories":[18],"tags":[121,908,1340,2256],"class_list":["post-2418","post","type-post","status-publish","format-standard","has-post-thumbnail","hentry","category-locales-juarez","tag-americo-garza-salinas","tag-eduardo-petrochi","tag-jose-luz-garza","tag-ulises-trevio"],"_links":{"self":[{"href":"https:\/\/laultimapalabra.com.mx\/portal\/wp-json\/wp\/v2\/posts\/2418","targetHints":{"allow":["GET"]}}],"collection":[{"href":"https:\/\/laultimapalabra.com.mx\/portal\/wp-json\/wp\/v2\/posts"}],"about":[{"href":"https:\/\/laultimapalabra.com.mx\/portal\/wp-json\/wp\/v2\/types\/post"}],"author":[{"embeddable":true,"href":"https:\/\/laultimapalabra.com.mx\/portal\/wp-json\/wp\/v2\/users\/9"}],"replies":[{"embeddable":true,"href":"https:\/\/laultimapalabra.com.mx\/portal\/wp-json\/wp\/v2\/comments?post=2418"}],"version-history":[{"count":1,"href":"https:\/\/laultimapalabra.com.mx\/portal\/wp-json\/wp\/v2\/posts\/2418\/revisions"}],"predecessor-version":[{"id":64321,"href":"https:\/\/laultimapalabra.com.mx\/portal\/wp-json\/wp\/v2\/posts\/2418\/revisions\/64321"}],"wp:featuredmedia":[{"embeddable":true,"href":"https:\/\/laultimapalabra.com.mx\/portal\/wp-json\/"}],"wp:attachment":[{"href":"https:\/\/laultimapalabra.com.mx\/portal\/wp-json\/wp\/v2\/media?parent=2418"}],"wp:term":[{"taxonomy":"category","embeddable":true,"href":"https:\/\/laultimapalabra.com.mx\/portal\/wp-json\/wp\/v2\/categories?post=2418"},{"taxonomy":"post_tag","embeddable":true,"href":"https:\/\/laultimapalabra.com.mx\/portal\/wp-json\/wp\/v2\/tags?post=2418"}],"curies":[{"name":"wp","href":"https:\/\/api.w.org\/{rel}","templated":true}]}}