                       {"id":24183,"date":"2021-12-15T15:38:01","date_gmt":"2021-12-15T21:38:01","guid":{"rendered":"https:\/\/laultimapalabra.com.mx\/portal\/?p=24183"},"modified":"2024-12-11T11:15:54","modified_gmt":"2024-12-11T17:15:54","slug":"responde-ecologia-municipal-de-cadereyta-a-queja-sobre-banquetas","status":"publish","type":"post","link":"https:\/\/laultimapalabra.com.mx\/portal\/responde-ecologia-municipal-de-cadereyta-a-queja-sobre-banquetas\/","title":{"rendered":"Responde Ecolog\u00eda Municipal de Cadereyta a queja sobre banquetas\u00a0"},"content":{"rendered":"<p><span style=\"font-size: 1rem;\"><img loading=\"lazy\" decoding=\"async\" class=\"size-medium wp-image-24243 alignleft\" src=\"https:\/\/laultimapalabra.com.mx\/portal\/wp-content\/uploads\/2021\/12\/IMG-20211217-WA0020-300x225.jpg\" alt=\"\" width=\"300\" height=\"225\" srcset=\"https:\/\/laultimapalabra.com.mx\/portal\/wp-content\/uploads\/2021\/12\/IMG-20211217-WA0020-300x225.jpg 300w, https:\/\/laultimapalabra.com.mx\/portal\/wp-content\/uploads\/2021\/12\/IMG-20211217-WA0020-1024x768.jpg 1024w, https:\/\/laultimapalabra.com.mx\/portal\/wp-content\/uploads\/2021\/12\/IMG-20211217-WA0020-768x576.jpg 768w, https:\/\/laultimapalabra.com.mx\/portal\/wp-content\/uploads\/2021\/12\/IMG-20211217-WA0020-1536x1152.jpg 1536w, https:\/\/laultimapalabra.com.mx\/portal\/wp-content\/uploads\/2021\/12\/IMG-20211217-WA0020.jpg 1600w\" sizes=\"auto, (max-width: 300px) 100vw, 300px\" \/>Cadereyta Jim\u00e9nez, N.L.- Despu\u00e9s de que el pasado 10 de diciembre el Peri\u00f3dico La \u00daltima Palabra publicara las condiciones en que se encontraban las banquetas del cruce de las calles Gonzalitos y Prolongaci\u00f3n Hidalgo al Oriente de la ciudad de Cadereyta en el camino que conecta con el Circuito Vial Bicentenario, el reporte hizo eco en las autoridades correspondientes y cuadrillas de Ecolog\u00eda Municipal comenzaron la limpieza de las mismas; ya que se recordara que la maleza cubr\u00eda estos pasos peatonales haciendo que los ciudadanos tuvieran que caminar por la calle exponi\u00e9ndose al paso vehicular.\u00a0\u00a0<\/span><\/p>\n","protected":false},"excerpt":{"rendered":"<p>Cadereyta Jim\u00e9nez, N.L.- Despu\u00e9s de que el pasado 10 de diciembre el Peri\u00f3dico La \u00daltima Palabra publicara las condiciones en que se encontraban las banquetas del cruce de las calles Gonzalitos y Prolongaci\u00f3n Hidalgo al Oriente de la ciudad de Cadereyta en el camino que conecta con el Circuito Vial Bicentenario, el reporte hizo eco [&hellip;]<\/p>\n","protected":false},"author":9,"featured_media":24243,"comment_status":"closed","ping_status":"closed","sticky":false,"template":"","format":"standard","meta":{"footnotes":""},"categories":[17,1],"tags":[3076,3162],"class_list":["post-24183","post","type-post","status-publish","format-standard","has-post-thumbnail","hentry","category-locales-cadereyta","category-noticias","tag-fuente-la-ultima-palabra","tag-reportes-ciudadanos-cadereyta"],"_links":{"self":[{"href":"https:\/\/laultimapalabra.com.mx\/portal\/wp-json\/wp\/v2\/posts\/24183","targetHints":{"allow":["GET"]}}],"collection":[{"href":"https:\/\/laultimapalabra.com.mx\/portal\/wp-json\/wp\/v2\/posts"}],"about":[{"href":"https:\/\/laultimapalabra.com.mx\/portal\/wp-json\/wp\/v2\/types\/post"}],"author":[{"embeddable":true,"href":"https:\/\/laultimapalabra.com.mx\/portal\/wp-json\/wp\/v2\/users\/9"}],"replies":[{"embeddable":true,"href":"https:\/\/laultimapalabra.com.mx\/portal\/wp-json\/wp\/v2\/comments?post=24183"}],"version-history":[{"count":3,"href":"https:\/\/laultimapalabra.com.mx\/portal\/wp-json\/wp\/v2\/posts\/24183\/revisions"}],"predecessor-version":[{"id":74841,"href":"https:\/\/laultimapalabra.com.mx\/portal\/wp-json\/wp\/v2\/posts\/24183\/revisions\/74841"}],"wp:featuredmedia":[{"embeddable":true,"href":"https:\/\/laultimapalabra.com.mx\/portal\/wp-json\/wp\/v2\/media\/24243"}],"wp:attachment":[{"href":"https:\/\/laultimapalabra.com.mx\/portal\/wp-json\/wp\/v2\/media?parent=24183"}],"wp:term":[{"taxonomy":"category","embeddable":true,"href":"https:\/\/laultimapalabra.com.mx\/portal\/wp-json\/wp\/v2\/categories?post=24183"},{"taxonomy":"post_tag","embeddable":true,"href":"https:\/\/laultimapalabra.com.mx\/portal\/wp-json\/wp\/v2\/tags?post=24183"}],"curies":[{"name":"wp","href":"https:\/\/api.w.org\/{rel}","templated":true}]}}