                       {"id":24199,"date":"2021-12-16T15:14:42","date_gmt":"2021-12-16T21:14:42","guid":{"rendered":"https:\/\/laultimapalabra.com.mx\/portal\/?p=24199"},"modified":"2024-12-11T11:15:54","modified_gmt":"2024-12-11T17:15:54","slug":"peleara-la-canelita-por-el-campeonato-mundial-super-welter","status":"publish","type":"post","link":"https:\/\/laultimapalabra.com.mx\/portal\/peleara-la-canelita-por-el-campeonato-mundial-super-welter\/","title":{"rendered":"Pelear\u00e1 &#8220;La Canelita&#8221; por el Campeonato Mundial Super Welter"},"content":{"rendered":"<p><span style=\"font-size: 1rem;\"><img loading=\"lazy\" decoding=\"async\" class=\"size-medium wp-image-24206 alignleft\" src=\"https:\/\/laultimapalabra.com.mx\/portal\/wp-content\/uploads\/2021\/12\/IMG-20211216-WA0024-300x231.jpg\" alt=\"\" width=\"300\" height=\"231\" srcset=\"https:\/\/laultimapalabra.com.mx\/portal\/wp-content\/uploads\/2021\/12\/IMG-20211216-WA0024-300x231.jpg 300w, https:\/\/laultimapalabra.com.mx\/portal\/wp-content\/uploads\/2021\/12\/IMG-20211216-WA0024-1024x789.jpg 1024w, https:\/\/laultimapalabra.com.mx\/portal\/wp-content\/uploads\/2021\/12\/IMG-20211216-WA0024-768x592.jpg 768w, https:\/\/laultimapalabra.com.mx\/portal\/wp-content\/uploads\/2021\/12\/IMG-20211216-WA0024.jpg 1080w\" sizes=\"auto, (max-width: 300px) 100vw, 300px\" \/>Cadereyta Jim\u00e9nez, N.L.- Cynthia \u201cCanelita\u201d Lozano, orgullo de Cadereyta Jim\u00e9nez, Nuevo Le\u00f3n, enfrentar\u00e1 a Marie Eve Dicaire en la disputa por el campeonato Mundial Super Welter de la Federaci\u00f3n Internacional de Boxeo.<\/span><\/p>\n<p><span style=\"font-weight: 400;\">La pelea contra la canadiense ser\u00e1 en el Center Bell de Quebec, Canad\u00e1, este viernes 17 de diciembre.<\/span><\/p>\n<p><span style=\"font-weight: 400;\">La jimenense va invicta desde que se inici\u00f3 en este deporte a nivel profesional y hay muchas expectativas sobre esta pelea contra la ex campeona mundial, quien pelea de local en esta contienda.<\/span><\/p>\n<p><span style=\"font-weight: 400;\">En la ceremonia de pesaje, La Canelita registr\u00f3 a un peso de 151.2 libras contra Marie Eve Dicaire\u00a0 quien pes\u00f3 153 libras.<\/span><\/p>\n<p><span style=\"font-weight: 400;\">Nuestros mejores deseos para Cynthia la Canelita Lozano, orgullosamente jimenense.<\/span><\/p>\n","protected":false},"excerpt":{"rendered":"<p>Cadereyta Jim\u00e9nez, N.L.- Cynthia \u201cCanelita\u201d Lozano, orgullo de Cadereyta Jim\u00e9nez, Nuevo Le\u00f3n, enfrentar\u00e1 a Marie Eve Dicaire en la disputa por el campeonato Mundial Super Welter de la Federaci\u00f3n Internacional de Boxeo. La pelea contra la canadiense ser\u00e1 en el Center Bell de Quebec, Canad\u00e1, este viernes 17 de diciembre. La jimenense va invicta desde [&hellip;]<\/p>\n","protected":false},"author":9,"featured_media":24205,"comment_status":"closed","ping_status":"closed","sticky":false,"template":"","format":"standard","meta":{"footnotes":""},"categories":[17,1],"tags":[751],"class_list":["post-24199","post","type-post","status-publish","format-standard","has-post-thumbnail","hentry","category-locales-cadereyta","category-noticias","tag-cynthia-canelita-lozano"],"_links":{"self":[{"href":"https:\/\/laultimapalabra.com.mx\/portal\/wp-json\/wp\/v2\/posts\/24199","targetHints":{"allow":["GET"]}}],"collection":[{"href":"https:\/\/laultimapalabra.com.mx\/portal\/wp-json\/wp\/v2\/posts"}],"about":[{"href":"https:\/\/laultimapalabra.com.mx\/portal\/wp-json\/wp\/v2\/types\/post"}],"author":[{"embeddable":true,"href":"https:\/\/laultimapalabra.com.mx\/portal\/wp-json\/wp\/v2\/users\/9"}],"replies":[{"embeddable":true,"href":"https:\/\/laultimapalabra.com.mx\/portal\/wp-json\/wp\/v2\/comments?post=24199"}],"version-history":[{"count":3,"href":"https:\/\/laultimapalabra.com.mx\/portal\/wp-json\/wp\/v2\/posts\/24199\/revisions"}],"predecessor-version":[{"id":74855,"href":"https:\/\/laultimapalabra.com.mx\/portal\/wp-json\/wp\/v2\/posts\/24199\/revisions\/74855"}],"wp:featuredmedia":[{"embeddable":true,"href":"https:\/\/laultimapalabra.com.mx\/portal\/wp-json\/wp\/v2\/media\/24205"}],"wp:attachment":[{"href":"https:\/\/laultimapalabra.com.mx\/portal\/wp-json\/wp\/v2\/media?parent=24199"}],"wp:term":[{"taxonomy":"category","embeddable":true,"href":"https:\/\/laultimapalabra.com.mx\/portal\/wp-json\/wp\/v2\/categories?post=24199"},{"taxonomy":"post_tag","embeddable":true,"href":"https:\/\/laultimapalabra.com.mx\/portal\/wp-json\/wp\/v2\/tags?post=24199"}],"curies":[{"name":"wp","href":"https:\/\/api.w.org\/{rel}","templated":true}]}}