                       {"id":24221,"date":"2021-12-17T14:38:32","date_gmt":"2021-12-17T20:38:32","guid":{"rendered":"https:\/\/laultimapalabra.com.mx\/portal\/?p=24221"},"modified":"2024-12-11T11:15:55","modified_gmt":"2024-12-11T17:15:55","slug":"arde-baldio-frente-a-panteon-municipal-en-cadereyta","status":"publish","type":"post","link":"https:\/\/laultimapalabra.com.mx\/portal\/arde-baldio-frente-a-panteon-municipal-en-cadereyta\/","title":{"rendered":"Arde bald\u00edo frente a pante\u00f3n municipal en Cadereyta"},"content":{"rendered":"<p><span style=\"font-size: 1rem;\"><img loading=\"lazy\" decoding=\"async\" class=\"size-medium wp-image-24249 alignleft\" src=\"https:\/\/laultimapalabra.com.mx\/portal\/wp-content\/uploads\/2021\/12\/IMG-20211216-WA0034-1-300x169.jpg\" alt=\"\" width=\"300\" height=\"169\" srcset=\"https:\/\/laultimapalabra.com.mx\/portal\/wp-content\/uploads\/2021\/12\/IMG-20211216-WA0034-1-300x169.jpg 300w, https:\/\/laultimapalabra.com.mx\/portal\/wp-content\/uploads\/2021\/12\/IMG-20211216-WA0034-1-1024x576.jpg 1024w, https:\/\/laultimapalabra.com.mx\/portal\/wp-content\/uploads\/2021\/12\/IMG-20211216-WA0034-1-768x432.jpg 768w, https:\/\/laultimapalabra.com.mx\/portal\/wp-content\/uploads\/2021\/12\/IMG-20211216-WA0034-1.jpg 1152w\" sizes=\"auto, (max-width: 300px) 100vw, 300px\" \/>Cadereyta Jim\u00e9nez, N.L.- La tarde de ayer alrededor de las 17:00 horas se present\u00f3 un incendio de pastizal en un bald\u00edo frente al pante\u00f3n municipal en el municipio de Cadereyta.\u00a0<\/span><\/p>\n<p><span style=\"font-weight: 400;\">En el siniestro algunas llantas que estaban entre el monte tambi\u00e9n ardieron, lo que ocasion\u00f3 que se levantar\u00e1 una gran columna de humo que fue vista a lo lejos por varios kil\u00f3metros.\u00a0<\/span><\/p>\n<p><span style=\"font-weight: 400;\">Al lugar de los hechos arribaron elementos de Bomberos Cadereyta, quienes lograron extinguir el fuego.\u00a0<\/span><\/p>\n","protected":false},"excerpt":{"rendered":"<p>Cadereyta Jim\u00e9nez, N.L.- La tarde de ayer alrededor de las 17:00 horas se present\u00f3 un incendio de pastizal en un bald\u00edo frente al pante\u00f3n municipal en el municipio de Cadereyta.\u00a0 En el siniestro algunas llantas que estaban entre el monte tambi\u00e9n ardieron, lo que ocasion\u00f3 que se levantar\u00e1 una gran columna de humo que fue [&hellip;]<\/p>\n","protected":false},"author":9,"featured_media":24250,"comment_status":"closed","ping_status":"closed","sticky":false,"template":"","format":"standard","meta":{"footnotes":""},"categories":[17],"tags":[3076,1260],"class_list":["post-24221","post","type-post","status-publish","format-standard","has-post-thumbnail","hentry","category-locales-cadereyta","tag-fuente-la-ultima-palabra","tag-incendios-cadereyta"],"_links":{"self":[{"href":"https:\/\/laultimapalabra.com.mx\/portal\/wp-json\/wp\/v2\/posts\/24221","targetHints":{"allow":["GET"]}}],"collection":[{"href":"https:\/\/laultimapalabra.com.mx\/portal\/wp-json\/wp\/v2\/posts"}],"about":[{"href":"https:\/\/laultimapalabra.com.mx\/portal\/wp-json\/wp\/v2\/types\/post"}],"author":[{"embeddable":true,"href":"https:\/\/laultimapalabra.com.mx\/portal\/wp-json\/wp\/v2\/users\/9"}],"replies":[{"embeddable":true,"href":"https:\/\/laultimapalabra.com.mx\/portal\/wp-json\/wp\/v2\/comments?post=24221"}],"version-history":[{"count":3,"href":"https:\/\/laultimapalabra.com.mx\/portal\/wp-json\/wp\/v2\/posts\/24221\/revisions"}],"predecessor-version":[{"id":74857,"href":"https:\/\/laultimapalabra.com.mx\/portal\/wp-json\/wp\/v2\/posts\/24221\/revisions\/74857"}],"wp:featuredmedia":[{"embeddable":true,"href":"https:\/\/laultimapalabra.com.mx\/portal\/wp-json\/wp\/v2\/media\/24250"}],"wp:attachment":[{"href":"https:\/\/laultimapalabra.com.mx\/portal\/wp-json\/wp\/v2\/media?parent=24221"}],"wp:term":[{"taxonomy":"category","embeddable":true,"href":"https:\/\/laultimapalabra.com.mx\/portal\/wp-json\/wp\/v2\/categories?post=24221"},{"taxonomy":"post_tag","embeddable":true,"href":"https:\/\/laultimapalabra.com.mx\/portal\/wp-json\/wp\/v2\/tags?post=24221"}],"curies":[{"name":"wp","href":"https:\/\/api.w.org\/{rel}","templated":true}]}}