                       {"id":24304,"date":"2021-12-20T09:12:50","date_gmt":"2021-12-20T15:12:50","guid":{"rendered":"https:\/\/laultimapalabra.com.mx\/portal\/?p=24304"},"modified":"2024-12-11T11:15:55","modified_gmt":"2024-12-11T17:15:55","slug":"deja-accidente-vial-a-un-fallecido-en-la-cadereyta-allende","status":"publish","type":"post","link":"https:\/\/laultimapalabra.com.mx\/portal\/deja-accidente-vial-a-un-fallecido-en-la-cadereyta-allende\/","title":{"rendered":"Deja accidente vial a un fallecido en la Cadereyta-Allende"},"content":{"rendered":"<p><span style=\"font-size: 1rem;\"><img loading=\"lazy\" decoding=\"async\" class=\"size-medium wp-image-24306 alignleft\" src=\"https:\/\/laultimapalabra.com.mx\/portal\/wp-content\/uploads\/2021\/12\/IMG-20211219-WA0018-200x300.jpg\" alt=\"\" width=\"200\" height=\"300\" srcset=\"https:\/\/laultimapalabra.com.mx\/portal\/wp-content\/uploads\/2021\/12\/IMG-20211219-WA0018-200x300.jpg 200w, https:\/\/laultimapalabra.com.mx\/portal\/wp-content\/uploads\/2021\/12\/IMG-20211219-WA0018.jpg 639w\" sizes=\"auto, (max-width: 200px) 100vw, 200px\" \/>Cadereyta Jim\u00e9nez, N.L.- Un fuerte accidente vial entre un tr\u00e1iler y un veh\u00edculo tipo Sentra en la Carretera Cadereyta-Allende dej\u00f3 a un hombre sin vida la\u00a0 noche del s\u00e1bado alrededor de las\u00a0 23:30 horas.<\/span><\/p>\n<p>El tr\u00e1gico accidente se report\u00f3 sobre la carretera Cadereyta-Allende aproximadamente en el km 20, a la altura\u00a0 de Hacienda las Palmas, donde tras el accidente en el lugar se encontraban atravesados los veh\u00edculos participantes y no hubo abanderamiento por parte de autoridades federales por varias horas; ya que las condiciones climatol\u00f3gicas estuvieron complicadas debido a la fuerte\u00a0 lluvia que se present\u00f3 en dicho lugar.<\/p>\n<p>Fue el conductor del Sentra\u00a0 quien qued\u00f3 sin vida en el impacto frontal, quien adem\u00e1s fue identificado como Fernando David Ram\u00edrez Rodr\u00edguez de 63 a\u00f1os de edad, quien adem\u00e1s contaba con reporte de b\u00fasqueda desde el pasado 18 de diciembre.<\/p>\n<p>Fuente: La \u00daltima Palabra<\/p>\n","protected":false},"excerpt":{"rendered":"<p>Cadereyta Jim\u00e9nez, N.L.- Un fuerte accidente vial entre un tr\u00e1iler y un veh\u00edculo tipo Sentra en la Carretera Cadereyta-Allende dej\u00f3 a un hombre sin vida la\u00a0 noche del s\u00e1bado alrededor de las\u00a0 23:30 horas. El tr\u00e1gico accidente se report\u00f3 sobre la carretera Cadereyta-Allende aproximadamente en el km 20, a la altura\u00a0 de Hacienda las Palmas, [&hellip;]<\/p>\n","protected":false},"author":9,"featured_media":24305,"comment_status":"closed","ping_status":"closed","sticky":false,"template":"","format":"standard","meta":{"footnotes":""},"categories":[17],"tags":[2747,3076],"class_list":["post-24304","post","type-post","status-publish","format-standard","has-post-thumbnail","hentry","category-locales-cadereyta","tag-accidentes-viales-cadereyta","tag-fuente-la-ultima-palabra"],"_links":{"self":[{"href":"https:\/\/laultimapalabra.com.mx\/portal\/wp-json\/wp\/v2\/posts\/24304","targetHints":{"allow":["GET"]}}],"collection":[{"href":"https:\/\/laultimapalabra.com.mx\/portal\/wp-json\/wp\/v2\/posts"}],"about":[{"href":"https:\/\/laultimapalabra.com.mx\/portal\/wp-json\/wp\/v2\/types\/post"}],"author":[{"embeddable":true,"href":"https:\/\/laultimapalabra.com.mx\/portal\/wp-json\/wp\/v2\/users\/9"}],"replies":[{"embeddable":true,"href":"https:\/\/laultimapalabra.com.mx\/portal\/wp-json\/wp\/v2\/comments?post=24304"}],"version-history":[{"count":2,"href":"https:\/\/laultimapalabra.com.mx\/portal\/wp-json\/wp\/v2\/posts\/24304\/revisions"}],"predecessor-version":[{"id":74883,"href":"https:\/\/laultimapalabra.com.mx\/portal\/wp-json\/wp\/v2\/posts\/24304\/revisions\/74883"}],"wp:featuredmedia":[{"embeddable":true,"href":"https:\/\/laultimapalabra.com.mx\/portal\/wp-json\/wp\/v2\/media\/24305"}],"wp:attachment":[{"href":"https:\/\/laultimapalabra.com.mx\/portal\/wp-json\/wp\/v2\/media?parent=24304"}],"wp:term":[{"taxonomy":"category","embeddable":true,"href":"https:\/\/laultimapalabra.com.mx\/portal\/wp-json\/wp\/v2\/categories?post=24304"},{"taxonomy":"post_tag","embeddable":true,"href":"https:\/\/laultimapalabra.com.mx\/portal\/wp-json\/wp\/v2\/tags?post=24304"}],"curies":[{"name":"wp","href":"https:\/\/api.w.org\/{rel}","templated":true}]}}