                       {"id":24351,"date":"2021-12-22T11:03:25","date_gmt":"2021-12-22T17:03:25","guid":{"rendered":"https:\/\/laultimapalabra.com.mx\/portal\/?p=24351"},"modified":"2024-12-11T11:15:55","modified_gmt":"2024-12-11T17:15:55","slug":"deja-danos-materiales-choque-en-carretera-libre-a-reynosa-en-juarez","status":"publish","type":"post","link":"https:\/\/laultimapalabra.com.mx\/portal\/deja-danos-materiales-choque-en-carretera-libre-a-reynosa-en-juarez\/","title":{"rendered":"Deja da\u00f1os materiales choque en Carretera Libre a Reynosa en Ju\u00e1rez"},"content":{"rendered":"<p><span style=\"font-size: 1rem;\"><img loading=\"lazy\" decoding=\"async\" class=\"size-medium wp-image-24352 alignleft\" src=\"https:\/\/laultimapalabra.com.mx\/portal\/wp-content\/uploads\/2021\/12\/IMG-20211222-WA0010-300x169.jpg\" alt=\"\" width=\"300\" height=\"169\" srcset=\"https:\/\/laultimapalabra.com.mx\/portal\/wp-content\/uploads\/2021\/12\/IMG-20211222-WA0010-300x169.jpg 300w, https:\/\/laultimapalabra.com.mx\/portal\/wp-content\/uploads\/2021\/12\/IMG-20211222-WA0010-1024x576.jpg 1024w, https:\/\/laultimapalabra.com.mx\/portal\/wp-content\/uploads\/2021\/12\/IMG-20211222-WA0010-768x432.jpg 768w, https:\/\/laultimapalabra.com.mx\/portal\/wp-content\/uploads\/2021\/12\/IMG-20211222-WA0010.jpg 1280w\" sizes=\"auto, (max-width: 300px) 100vw, 300px\" \/>Ju\u00e1rez, N.L.- Esta ma\u00f1ana alrededor de las 9:30 de la ma\u00f1ana, se present\u00f3 un accidente vial por alcance en la carretera libre a Reynosa, en el Kil\u00f3metro 22 a unos metros del perif\u00e9rico en Ju\u00e1rez.<\/span><\/p>\n<p><span style=\"font-weight: 400;\">Presuntamente el conductor del Mustang de color rojo fue cerrado por un cami\u00f3n de carga, por lo que al esquivarlo termin\u00f3 por impactarse en la parte de atr\u00e1s de una camioneta de 3 1\/2 de la compa\u00f1\u00eda de JAVER; afortunadamente el conductor del autom\u00f3vil portaba su cintur\u00f3n de seguridad seguridad por lo que no result\u00f3 lesionado.\u00a0<\/span><\/p>\n<p><span style=\"font-weight: 400;\">Al lugar acudieron elementos de Vialidad y Tr\u00e1nsito de Ju\u00e1rez quienes abanderaron el lugar, mientras se hicieron las indagatorias correspondientes.<\/span><\/p>\n","protected":false},"excerpt":{"rendered":"<p>Ju\u00e1rez, N.L.- Esta ma\u00f1ana alrededor de las 9:30 de la ma\u00f1ana, se present\u00f3 un accidente vial por alcance en la carretera libre a Reynosa, en el Kil\u00f3metro 22 a unos metros del perif\u00e9rico en Ju\u00e1rez. Presuntamente el conductor del Mustang de color rojo fue cerrado por un cami\u00f3n de carga, por lo que al esquivarlo [&hellip;]<\/p>\n","protected":false},"author":9,"featured_media":24352,"comment_status":"closed","ping_status":"closed","sticky":false,"template":"","format":"standard","meta":{"footnotes":""},"categories":[18],"tags":[2965,3076],"class_list":["post-24351","post","type-post","status-publish","format-standard","has-post-thumbnail","hentry","category-locales-juarez","tag-accidentes-viales-juarez","tag-fuente-la-ultima-palabra"],"_links":{"self":[{"href":"https:\/\/laultimapalabra.com.mx\/portal\/wp-json\/wp\/v2\/posts\/24351","targetHints":{"allow":["GET"]}}],"collection":[{"href":"https:\/\/laultimapalabra.com.mx\/portal\/wp-json\/wp\/v2\/posts"}],"about":[{"href":"https:\/\/laultimapalabra.com.mx\/portal\/wp-json\/wp\/v2\/types\/post"}],"author":[{"embeddable":true,"href":"https:\/\/laultimapalabra.com.mx\/portal\/wp-json\/wp\/v2\/users\/9"}],"replies":[{"embeddable":true,"href":"https:\/\/laultimapalabra.com.mx\/portal\/wp-json\/wp\/v2\/comments?post=24351"}],"version-history":[{"count":2,"href":"https:\/\/laultimapalabra.com.mx\/portal\/wp-json\/wp\/v2\/posts\/24351\/revisions"}],"predecessor-version":[{"id":74903,"href":"https:\/\/laultimapalabra.com.mx\/portal\/wp-json\/wp\/v2\/posts\/24351\/revisions\/74903"}],"wp:featuredmedia":[{"embeddable":true,"href":"https:\/\/laultimapalabra.com.mx\/portal\/wp-json\/wp\/v2\/media\/24352"}],"wp:attachment":[{"href":"https:\/\/laultimapalabra.com.mx\/portal\/wp-json\/wp\/v2\/media?parent=24351"}],"wp:term":[{"taxonomy":"category","embeddable":true,"href":"https:\/\/laultimapalabra.com.mx\/portal\/wp-json\/wp\/v2\/categories?post=24351"},{"taxonomy":"post_tag","embeddable":true,"href":"https:\/\/laultimapalabra.com.mx\/portal\/wp-json\/wp\/v2\/tags?post=24351"}],"curies":[{"name":"wp","href":"https:\/\/api.w.org\/{rel}","templated":true}]}}