                       {"id":24403,"date":"2021-12-27T13:17:40","date_gmt":"2021-12-27T19:17:40","guid":{"rendered":"https:\/\/laultimapalabra.com.mx\/portal\/?p=24403"},"modified":"2024-12-11T11:15:56","modified_gmt":"2024-12-11T17:15:56","slug":"padecen-fuga-de-aguas-negras-en-valle-del-roble-por-mas-de-una-semana","status":"publish","type":"post","link":"https:\/\/laultimapalabra.com.mx\/portal\/padecen-fuga-de-aguas-negras-en-valle-del-roble-por-mas-de-una-semana\/","title":{"rendered":"Padecen fuga de aguas negras en Valle del Roble por m\u00e1s de una semana\u00a0"},"content":{"rendered":"<p><span style=\"font-size: 1rem;\"><img loading=\"lazy\" decoding=\"async\" class=\"size-medium wp-image-24391 alignleft\" src=\"https:\/\/laultimapalabra.com.mx\/portal\/wp-content\/uploads\/2021\/12\/IMG-20211227-WA0006-300x169.jpg\" alt=\"\" width=\"300\" height=\"169\" srcset=\"https:\/\/laultimapalabra.com.mx\/portal\/wp-content\/uploads\/2021\/12\/IMG-20211227-WA0006-300x169.jpg 300w, https:\/\/laultimapalabra.com.mx\/portal\/wp-content\/uploads\/2021\/12\/IMG-20211227-WA0006-1024x576.jpg 1024w, https:\/\/laultimapalabra.com.mx\/portal\/wp-content\/uploads\/2021\/12\/IMG-20211227-WA0006-768x432.jpg 768w, https:\/\/laultimapalabra.com.mx\/portal\/wp-content\/uploads\/2021\/12\/IMG-20211227-WA0006.jpg 1280w\" sizes=\"auto, (max-width: 300px) 100vw, 300px\" \/>Cadereyta Jim\u00e9nez, N.L.- Una fuga de aguas negras en una alcantarilla ubicada en la calle Coco en su cruce con Cornejo, en el sector Encino de la colonia Valle del Roble en el municipio de Cadereyta, es la que tiene vueltos locos a los habitantes de dicha ubicaci\u00f3n despu\u00e9s de que ya tiene 7 d\u00edas la problem\u00e1tica presente, y aunque ya han reportado ante Servicios de Agua y Drenaje de Monterrey, la paraestatal como de costumbre\u00a0 ha hecho caso omiso al respecto.\u00a0<\/span><\/p>\n<p><span style=\"font-weight: 400;\">La fuga recorre m\u00e1s de 5 calles hasta llegar a la avenida del Olmo, lo que hace que los malos olores, suciedad y riesgo de infecci\u00f3n se vean amplificados en la zona.\u00a0<\/span><\/p>\n<p>&nbsp;<\/p>\n","protected":false},"excerpt":{"rendered":"<p>Cadereyta Jim\u00e9nez, N.L.- Una fuga de aguas negras en una alcantarilla ubicada en la calle Coco en su cruce con Cornejo, en el sector Encino de la colonia Valle del Roble en el municipio de Cadereyta, es la que tiene vueltos locos a los habitantes de dicha ubicaci\u00f3n despu\u00e9s de que ya tiene 7 d\u00edas [&hellip;]<\/p>\n","protected":false},"author":9,"featured_media":24388,"comment_status":"closed","ping_status":"closed","sticky":false,"template":"","format":"standard","meta":{"footnotes":""},"categories":[17],"tags":[3076,2673],"class_list":["post-24403","post","type-post","status-publish","format-standard","has-post-thumbnail","hentry","category-locales-cadereyta","tag-fuente-la-ultima-palabra","tag-fuga-drenaje-cadereyta"],"_links":{"self":[{"href":"https:\/\/laultimapalabra.com.mx\/portal\/wp-json\/wp\/v2\/posts\/24403","targetHints":{"allow":["GET"]}}],"collection":[{"href":"https:\/\/laultimapalabra.com.mx\/portal\/wp-json\/wp\/v2\/posts"}],"about":[{"href":"https:\/\/laultimapalabra.com.mx\/portal\/wp-json\/wp\/v2\/types\/post"}],"author":[{"embeddable":true,"href":"https:\/\/laultimapalabra.com.mx\/portal\/wp-json\/wp\/v2\/users\/9"}],"replies":[{"embeddable":true,"href":"https:\/\/laultimapalabra.com.mx\/portal\/wp-json\/wp\/v2\/comments?post=24403"}],"version-history":[{"count":2,"href":"https:\/\/laultimapalabra.com.mx\/portal\/wp-json\/wp\/v2\/posts\/24403\/revisions"}],"predecessor-version":[{"id":74923,"href":"https:\/\/laultimapalabra.com.mx\/portal\/wp-json\/wp\/v2\/posts\/24403\/revisions\/74923"}],"wp:featuredmedia":[{"embeddable":true,"href":"https:\/\/laultimapalabra.com.mx\/portal\/wp-json\/wp\/v2\/media\/24388"}],"wp:attachment":[{"href":"https:\/\/laultimapalabra.com.mx\/portal\/wp-json\/wp\/v2\/media?parent=24403"}],"wp:term":[{"taxonomy":"category","embeddable":true,"href":"https:\/\/laultimapalabra.com.mx\/portal\/wp-json\/wp\/v2\/categories?post=24403"},{"taxonomy":"post_tag","embeddable":true,"href":"https:\/\/laultimapalabra.com.mx\/portal\/wp-json\/wp\/v2\/tags?post=24403"}],"curies":[{"name":"wp","href":"https:\/\/api.w.org\/{rel}","templated":true}]}}