                       {"id":24416,"date":"2021-12-28T13:53:25","date_gmt":"2021-12-28T19:53:25","guid":{"rendered":"https:\/\/laultimapalabra.com.mx\/portal\/?p=24416"},"modified":"2024-12-11T11:15:56","modified_gmt":"2024-12-11T17:15:56","slug":"roban-cableado-en-subestacion-de-cfe-en-cadereyta","status":"publish","type":"post","link":"https:\/\/laultimapalabra.com.mx\/portal\/roban-cableado-en-subestacion-de-cfe-en-cadereyta\/","title":{"rendered":"Roban Cableado en Subestaci\u00f3n de CFE en Cadereyta"},"content":{"rendered":"<p><span style=\"font-size: 1rem;\"><img loading=\"lazy\" decoding=\"async\" class=\"size-medium wp-image-24441 alignleft\" src=\"https:\/\/laultimapalabra.com.mx\/portal\/wp-content\/uploads\/2021\/12\/IMG-20211228-WA0001-300x169.jpg\" alt=\"\" width=\"300\" height=\"169\" srcset=\"https:\/\/laultimapalabra.com.mx\/portal\/wp-content\/uploads\/2021\/12\/IMG-20211228-WA0001-300x169.jpg 300w, https:\/\/laultimapalabra.com.mx\/portal\/wp-content\/uploads\/2021\/12\/IMG-20211228-WA0001-1024x576.jpg 1024w, https:\/\/laultimapalabra.com.mx\/portal\/wp-content\/uploads\/2021\/12\/IMG-20211228-WA0001-768x432.jpg 768w, https:\/\/laultimapalabra.com.mx\/portal\/wp-content\/uploads\/2021\/12\/IMG-20211228-WA0001.jpg 1280w\" sizes=\"auto, (max-width: 300px) 100vw, 300px\" \/>Cadereyta Jim\u00e9nez, N.L.- La ma\u00f1ana de hoy se di\u00f3 aviso a las autoridades del robo de Cableado, en una Sub estaci\u00f3n de la Comisi\u00f3n Federal de Electricidad ubicada entre la Colonia Salinas de Gortari y el Libramiento Alfonso Mart\u00ednez Dom\u00ednguez Oriente.\u00a0<\/span><\/p>\n<p><span style=\"font-weight: 400;\">Presuntamente los responsables brincaron la barda de al menos 3 metros para cometer el il\u00edcito.\u00a0<\/span><\/p>\n<p><span style=\"font-weight: 400;\">Al lugar acudieron elementos de la Polic\u00eda Municipal de Cadereyta para hacer las debidas investigaciones, mientras que la informaci\u00f3n que se tiene hasta el momento es que fue cableado de algunas maquinarias en el interior y hasta el momento se desconoce el monto del robo.\u00a0<\/span><\/p>\n","protected":false},"excerpt":{"rendered":"<p>Cadereyta Jim\u00e9nez, N.L.- La ma\u00f1ana de hoy se di\u00f3 aviso a las autoridades del robo de Cableado, en una Sub estaci\u00f3n de la Comisi\u00f3n Federal de Electricidad ubicada entre la Colonia Salinas de Gortari y el Libramiento Alfonso Mart\u00ednez Dom\u00ednguez Oriente.\u00a0 Presuntamente los responsables brincaron la barda de al menos 3 metros para cometer el [&hellip;]<\/p>\n","protected":false},"author":9,"featured_media":24441,"comment_status":"closed","ping_status":"closed","sticky":false,"template":"","format":"standard","meta":{"footnotes":""},"categories":[17,8,9],"tags":[3076,2039],"class_list":["post-24416","post","type-post","status-publish","format-standard","has-post-thumbnail","hentry","category-locales-cadereyta","category-seguridad","category-seguridad-cadereyta","tag-fuente-la-ultima-palabra","tag-robos-cadereyta"],"_links":{"self":[{"href":"https:\/\/laultimapalabra.com.mx\/portal\/wp-json\/wp\/v2\/posts\/24416","targetHints":{"allow":["GET"]}}],"collection":[{"href":"https:\/\/laultimapalabra.com.mx\/portal\/wp-json\/wp\/v2\/posts"}],"about":[{"href":"https:\/\/laultimapalabra.com.mx\/portal\/wp-json\/wp\/v2\/types\/post"}],"author":[{"embeddable":true,"href":"https:\/\/laultimapalabra.com.mx\/portal\/wp-json\/wp\/v2\/users\/9"}],"replies":[{"embeddable":true,"href":"https:\/\/laultimapalabra.com.mx\/portal\/wp-json\/wp\/v2\/comments?post=24416"}],"version-history":[{"count":3,"href":"https:\/\/laultimapalabra.com.mx\/portal\/wp-json\/wp\/v2\/posts\/24416\/revisions"}],"predecessor-version":[{"id":74935,"href":"https:\/\/laultimapalabra.com.mx\/portal\/wp-json\/wp\/v2\/posts\/24416\/revisions\/74935"}],"wp:featuredmedia":[{"embeddable":true,"href":"https:\/\/laultimapalabra.com.mx\/portal\/wp-json\/wp\/v2\/media\/24441"}],"wp:attachment":[{"href":"https:\/\/laultimapalabra.com.mx\/portal\/wp-json\/wp\/v2\/media?parent=24416"}],"wp:term":[{"taxonomy":"category","embeddable":true,"href":"https:\/\/laultimapalabra.com.mx\/portal\/wp-json\/wp\/v2\/categories?post=24416"},{"taxonomy":"post_tag","embeddable":true,"href":"https:\/\/laultimapalabra.com.mx\/portal\/wp-json\/wp\/v2\/tags?post=24416"}],"curies":[{"name":"wp","href":"https:\/\/api.w.org\/{rel}","templated":true}]}}