                       {"id":2453,"date":"2018-07-12T22:22:44","date_gmt":"2018-07-12T22:22:44","guid":{"rendered":"http:\/\/laultimapalabra.info\/?p=2453"},"modified":"2024-12-11T08:37:19","modified_gmt":"2024-12-11T14:37:19","slug":"el-primer-presidente-de-mexico-guadalupe-victoria","status":"publish","type":"post","link":"https:\/\/laultimapalabra.com.mx\/portal\/el-primer-presidente-de-mexico-guadalupe-victoria\/","title":{"rendered":"El primer Presidente de M\u00e9xico\u2026 \u201cGuadalupe Victoria\u201d"},"content":{"rendered":"<p style=\"text-align: justify;\"><img loading=\"lazy\" decoding=\"async\" class=\"size-medium wp-image-2454 alignleft\" src=\"https:\/\/laultimapalabra.com.mx\/portal\/wp-content\/uploads\/2018\/07\/57298376a402c070672ea6e812891c81-203x300.jpg\" alt=\"\" width=\"203\" height=\"300\" \/>Por: Dr. Jos\u00e9 Ascenci\u00f3n Tijerina Flores<\/p>\n<p style=\"text-align: justify;\">Con motivo de los tiempos electorales que hemos estado viviendo en nuestro pa\u00eds, hoy creemos conveniente retroceder en la historia para conocer parte del camino que recorrieron muchos mexicanos hasta lograr consolidar una patria de la que hoy usted y nosotros estamos orgullosos.<br \/>\nHistoria<br \/>\nAl inicio del movimiento independentista (16 de septiembre de 1810) y en el trascurso de la consumaci\u00f3n (27 de septiembre de 1821), fueron muchos los hombres y mujeres que participaron y se distinguieron por su valor y sobre todo por su amor y entrega en beneficio de la Patria.<br \/>\nEs prop\u00f3sito hacer menci\u00f3n de aquel personaje que ostentara el honroso cargo de Presidente de la Rep\u00fablica.<br \/>\nGuadalupe Victoria cuyo verdadero nombre era Jos\u00e9, Miguel, Ram\u00f3n, Adaucto, Fern\u00e1ndez F\u00e9lix, nace en Tamazula Durango el 29 de septiembre de 1786. En 1811 combate bajo el mando de Don Jos\u00e9 Mar\u00eda Morelos y Pav\u00f3n, iniciando as\u00ed su actuaci\u00f3n brillant\u00edsima por la consecuci\u00f3n de la Independencia de M\u00e9xico. Ese mismo a\u00f1o obtiene el t\u00edtulo de Lic. En Derecho Can\u00f3nico y Civil.<br \/>\nSus logros de guerra, de pol\u00edtica y asuntos sociales son numerosos, participa en el sitio de Cuatlua, Oaxaca y Veracruz, son testigos de sus virtudes b\u00e9licas, en Oaxaca es nombrado General Brigadier y queda al mando del ej\u00e9rcito de Veracruz. Por su devoci\u00f3n a la Virgen Guadalupana cambia su nombre por Guadalupe y a\u00f1ade el apellido Victoria por sus triunfos obtenidos en el campo de batalla.<br \/>\nDice la leyenda que en uno de los frentes de combate exist\u00eda un lugar rodeado por un foso dif\u00edcil de cruzar, lanz\u00f3 su espada al otro lado de la fosa y expres\u00f3 su famosa frase \u201cVa mi espada en prenda, \u00a1voy por ella!\u201d.<br \/>\nA la ca\u00edda del imperio de Agust\u00edn de Iturbide es nombrado Presidente de la Rep\u00fablica interino, luego Presidente Constitucional de 1824 al 1829, en este periodo interviene en el triunfo de \u00faltimo reducto Espa\u00f1ol en San Juan de Ul\u00faa, Veracruz.<br \/>\nEn honor a su participaci\u00f3n extraordinaria y definitiva para la Independencia y restauraci\u00f3n de la Rep\u00fablica es nombre nombrado H\u00e9roe Nacional, Benem\u00e9rito de la Patria y fundador de la Rep\u00fablica Mexicana.<br \/>\nMuere en Veracruz el 20 de marzo de 1843. Sus restos mortales descansan en el monumento a la Independencia de nuestra capital, hoy ciudad de M\u00e9xico.<br \/>\nHoy recordamos su brillante trayectoria y su lucha por iniciar la edificaci\u00f3n de una Patria que hoy con orgullo y libertad disfrutamos.<br \/>\nGracias<\/p>\n","protected":false},"excerpt":{"rendered":"<p>Por: Dr. Jos\u00e9 Ascenci\u00f3n Tijerina Flores Con motivo de los tiempos electorales que hemos estado viviendo en nuestro pa\u00eds, hoy creemos conveniente retroceder en la historia para conocer parte del camino que recorrieron muchos mexicanos hasta lograr consolidar una patria de la que hoy usted y nosotros estamos orgullosos. Historia Al inicio del movimiento independentista [&hellip;]<\/p>\n","protected":false},"author":9,"featured_media":2454,"comment_status":"open","ping_status":"closed","sticky":false,"template":"","format":"standard","meta":{"footnotes":""},"categories":[1],"tags":[879,1165],"class_list":["post-2453","post","type-post","status-publish","format-standard","has-post-thumbnail","hentry","category-noticias","tag-dr-jose-ascencion-tijerina-flores","tag-guadalupe-victoria"],"_links":{"self":[{"href":"https:\/\/laultimapalabra.com.mx\/portal\/wp-json\/wp\/v2\/posts\/2453","targetHints":{"allow":["GET"]}}],"collection":[{"href":"https:\/\/laultimapalabra.com.mx\/portal\/wp-json\/wp\/v2\/posts"}],"about":[{"href":"https:\/\/laultimapalabra.com.mx\/portal\/wp-json\/wp\/v2\/types\/post"}],"author":[{"embeddable":true,"href":"https:\/\/laultimapalabra.com.mx\/portal\/wp-json\/wp\/v2\/users\/9"}],"replies":[{"embeddable":true,"href":"https:\/\/laultimapalabra.com.mx\/portal\/wp-json\/wp\/v2\/comments?post=2453"}],"version-history":[{"count":1,"href":"https:\/\/laultimapalabra.com.mx\/portal\/wp-json\/wp\/v2\/posts\/2453\/revisions"}],"predecessor-version":[{"id":64331,"href":"https:\/\/laultimapalabra.com.mx\/portal\/wp-json\/wp\/v2\/posts\/2453\/revisions\/64331"}],"wp:featuredmedia":[{"embeddable":true,"href":"https:\/\/laultimapalabra.com.mx\/portal\/wp-json\/"}],"wp:attachment":[{"href":"https:\/\/laultimapalabra.com.mx\/portal\/wp-json\/wp\/v2\/media?parent=2453"}],"wp:term":[{"taxonomy":"category","embeddable":true,"href":"https:\/\/laultimapalabra.com.mx\/portal\/wp-json\/wp\/v2\/categories?post=2453"},{"taxonomy":"post_tag","embeddable":true,"href":"https:\/\/laultimapalabra.com.mx\/portal\/wp-json\/wp\/v2\/tags?post=2453"}],"curies":[{"name":"wp","href":"https:\/\/api.w.org\/{rel}","templated":true}]}}