                       {"id":24612,"date":"2022-01-11T11:40:59","date_gmt":"2022-01-11T17:40:59","guid":{"rendered":"https:\/\/laultimapalabra.com.mx\/portal\/?p=24612"},"modified":"2024-12-11T11:15:57","modified_gmt":"2024-12-11T17:15:57","slug":"nace-arroyo-de-aguas-negras-en-la-colonia-salinas-de-gortari","status":"publish","type":"post","link":"https:\/\/laultimapalabra.com.mx\/portal\/nace-arroyo-de-aguas-negras-en-la-colonia-salinas-de-gortari\/","title":{"rendered":"Nace arroyo de Aguas Negras en la colonia Salinas de Gortari"},"content":{"rendered":"<p><span style=\"font-weight: 400;\"><img loading=\"lazy\" decoding=\"async\" class=\"size-medium wp-image-24590 alignleft\" src=\"https:\/\/laultimapalabra.com.mx\/portal\/wp-content\/uploads\/2022\/01\/IMG-20220110-WA0111-300x169.jpg\" alt=\"\" width=\"300\" height=\"169\" srcset=\"https:\/\/laultimapalabra.com.mx\/portal\/wp-content\/uploads\/2022\/01\/IMG-20220110-WA0111-300x169.jpg 300w, https:\/\/laultimapalabra.com.mx\/portal\/wp-content\/uploads\/2022\/01\/IMG-20220110-WA0111-1024x576.jpg 1024w, https:\/\/laultimapalabra.com.mx\/portal\/wp-content\/uploads\/2022\/01\/IMG-20220110-WA0111-768x432.jpg 768w, https:\/\/laultimapalabra.com.mx\/portal\/wp-content\/uploads\/2022\/01\/IMG-20220110-WA0111-1536x864.jpg 1536w, https:\/\/laultimapalabra.com.mx\/portal\/wp-content\/uploads\/2022\/01\/IMG-20220110-WA0111.jpg 1600w\" sizes=\"auto, (max-width: 300px) 100vw, 300px\" \/>Cadereyta Jim\u00e9nez, N.L.-\u00a0 Una impresionante fuga, de la cual ha estado brotando aguas negras, pr\u00e1cticamente ha creado un arroyo en la colonia Salinas de Gortari en el municipio de Cadereyta.<\/span><\/p>\n<p><span style=\"font-weight: 400;\">Es en la calle Jer\u00f3nimo Trevi\u00f1o en su cruce con licenciado Pablo Quiroga, donde una alcantarilla tiene m\u00e1s de un mes con este problema, el agua ha provocado un encharcamiento en dichas calles, adem\u00e1s del foco de infecci\u00f3n que se genera para los vecinos.<\/span><\/p>\n<p><span style=\"font-weight: 400;\">Los habitantes piden a Servicios de Agua y Drenaje de Monterrey que atiendan la problem\u00e1tica a la brevedad posible pues ya ha sido reportada en m\u00faltiples ocasiones.<\/span><\/p>\n","protected":false},"excerpt":{"rendered":"<p>Cadereyta Jim\u00e9nez, N.L.-\u00a0 Una impresionante fuga, de la cual ha estado brotando aguas negras, pr\u00e1cticamente ha creado un arroyo en la colonia Salinas de Gortari en el municipio de Cadereyta. Es en la calle Jer\u00f3nimo Trevi\u00f1o en su cruce con licenciado Pablo Quiroga, donde una alcantarilla tiene m\u00e1s de un mes con este problema, el [&hellip;]<\/p>\n","protected":false},"author":9,"featured_media":24591,"comment_status":"closed","ping_status":"closed","sticky":false,"template":"","format":"standard","meta":{"footnotes":""},"categories":[17],"tags":[3076,3465,3466],"class_list":["post-24612","post","type-post","status-publish","format-standard","has-post-thumbnail","hentry","category-locales-cadereyta","tag-fuente-la-ultima-palabra","tag-fugas-drenaje-cadereyta-2022","tag-servicios-de-agua-y-drenaje-monterrey"],"_links":{"self":[{"href":"https:\/\/laultimapalabra.com.mx\/portal\/wp-json\/wp\/v2\/posts\/24612","targetHints":{"allow":["GET"]}}],"collection":[{"href":"https:\/\/laultimapalabra.com.mx\/portal\/wp-json\/wp\/v2\/posts"}],"about":[{"href":"https:\/\/laultimapalabra.com.mx\/portal\/wp-json\/wp\/v2\/types\/post"}],"author":[{"embeddable":true,"href":"https:\/\/laultimapalabra.com.mx\/portal\/wp-json\/wp\/v2\/users\/9"}],"replies":[{"embeddable":true,"href":"https:\/\/laultimapalabra.com.mx\/portal\/wp-json\/wp\/v2\/comments?post=24612"}],"version-history":[{"count":2,"href":"https:\/\/laultimapalabra.com.mx\/portal\/wp-json\/wp\/v2\/posts\/24612\/revisions"}],"predecessor-version":[{"id":74987,"href":"https:\/\/laultimapalabra.com.mx\/portal\/wp-json\/wp\/v2\/posts\/24612\/revisions\/74987"}],"wp:featuredmedia":[{"embeddable":true,"href":"https:\/\/laultimapalabra.com.mx\/portal\/wp-json\/wp\/v2\/media\/24591"}],"wp:attachment":[{"href":"https:\/\/laultimapalabra.com.mx\/portal\/wp-json\/wp\/v2\/media?parent=24612"}],"wp:term":[{"taxonomy":"category","embeddable":true,"href":"https:\/\/laultimapalabra.com.mx\/portal\/wp-json\/wp\/v2\/categories?post=24612"},{"taxonomy":"post_tag","embeddable":true,"href":"https:\/\/laultimapalabra.com.mx\/portal\/wp-json\/wp\/v2\/tags?post=24612"}],"curies":[{"name":"wp","href":"https:\/\/api.w.org\/{rel}","templated":true}]}}